{"id":370905,"date":"2026-09-02T14:22:09","date_gmt":"2026-09-02T14:22:09","guid":{"rendered":"https:\/\/www.europesays.com\/at\/370905\/"},"modified":"2026-09-02T14:22:09","modified_gmt":"2026-09-02T14:22:09","slug":"naechster-rapidler-weg-amane-geht-nach-belgien","status":"publish","type":"post","link":"https:\/\/www.europesays.com\/at\/370905\/","title":{"rendered":"N\u00e4chster Rapidler weg! Amane geht nach Belgien"},"content":{"rendered":"<p>Es war seit Tagen erwartet worden, jetzt die Vollzugsmeldung: Rapids Sechser Amane wechselt zu Anderlecht. Kolportiert werden sechs Millionen Euro Abl\u00f6se.<\/p>\n<p>Nach dem Scheitern in der Qualifikation zur Conference League waren Abg\u00e4nge aus finanziellen Gr\u00fcnden erwartet worden. Tobias Gullikson wird in die T\u00fcrkei verliehen, womit sein Gehalt wegf\u00e4llt. Und mit Romeo Amane ist nun die \u201chei\u00dfeste Aktie\u201d weg.<\/p>\n<p>Zum RSC Anderlecht<\/p>\n<p>Der 23-j\u00e4hrige Ivorer, der im J\u00e4nner 2025 vom BK H\u00e4cken aus der schwedischen Allsvenksan zu Rapid wechselte, wird in der belgischen Jupiler Pro League sein K\u00f6nnen zeigen: Er wird bei Anderlecht als zentraler Mittelfeldspieler auflaufen. Ein Klub mit viel Tradition, gewann er doch in den 1970er-Jahren zweimal den Europapokal der Cupsieger.<\/p>\n<p>69 Pflichtspiele f\u00fcr Rapid<\/p>\n<p>F\u00fcr Gr\u00fcn-Wei\u00df absolvierte Romeo Amane in zweieinhalb Jahren 69 Pflichtspiele, in denen er zwei Treffer erzielen und f\u00fcnf weitere vorbereiten konnte. Sport-Chef Markus Katzer sagt zum erwarteten Abgang der gr\u00fcn-wei\u00dfen Nummer 29: \u201eRomeo Amane hat unsere Erwartungen voll erf\u00fcllt und sich als sehr wertvoller Teil unserer Mannschaft etabliert. Seinen starken Charakter hat er beim letzten Match, dem Heimsieg gegen Sturm Graz, erneut bewiesen.\u201d Ein 3:1-Sieg als Abschied.<\/p>\n<p>Weitere Abg\u00e4nge soll es nicht geben, ist aus H\u00fctteldorf zu h\u00f6ren: Sowohl Nosa Dahl als auch Kapit\u00e4n Mathias Seidl bleiben an Bord.<\/p>\n<p>Fast 100.000 Fans im August<\/p>\n<p>Noch ein kleiner Abstecher zu den letzten Zuschauerzahlen im Allianz-Stadion, das sie Weststadion rufen: In den letzten drei Heimspielen (Sturm, Hearts, GAK) konnten insgesamt 66.315 Zuseher gez\u00e4hlt werden. Im ganzen Monat August waren es genau 96.815. Das bringt kein anderes Team in \u00d6sterreich zusammen!<\/p>\n<p><img fetchpriority=\"high\" decoding=\"async\" width=\"1024\" height=\"768\" src=\"data:image\/svg+xml,%3Csvg%20xmlns=\" http:=\"\" alt=\"Der Block West ist immer gut gef\u00fcllt (Bild: Steiner).\" class=\"wp-image-4576134\" data-lazy- data-lazy- data-lazy-src=\"https:\/\/www.europesays.com\/at\/wp-content\/uploads\/2026\/09\/Rapid-EC1-1024x768.jpg\"\/><img fetchpriority=\"high\" decoding=\"async\" width=\"1024\" height=\"768\" src=\"https:\/\/www.europesays.com\/at\/wp-content\/uploads\/2026\/09\/Rapid-EC1-1024x768.jpg\" alt=\"Der Block West ist immer gut gef\u00fcllt (Bild: Steiner).\" class=\"wp-image-4576134\"  \/>Der Block West ist immer gut gef\u00fcllt (Bild: Steiner).<\/p>\n","protected":false},"excerpt":{"rendered":"Es war seit Tagen erwartet worden, jetzt die Vollzugsmeldung: Rapids Sechser Amane wechselt zu Anderlecht. Kolportiert werden sechs&hellip;\n","protected":false},"author":2,"featured_media":370906,"comment_status":"","ping_status":"","sticky":false,"template":"","format":"standard","meta":{"footnotes":"","_share_on_mastodon":"0"},"categories":[18],"tags":[5866,32631,46,42,1347,12163,92964,44,5868,2779,969,109,108],"class_list":["post-370905","post","type-post","status-publish","format-standard","has-post-thumbnail","category-sport","tag-14-bezirk","tag-amane","tag-at","tag-austria","tag-belgien","tag-huetteldorf","tag-ivorer","tag-oesterreich","tag-penzing","tag-rapid","tag-sk-rapid","tag-sport","tag-sports"],"share_on_mastodon":{"url":"https:\/\/pubeurope.com\/@at\/117201898867302359","error":""},"_links":{"self":[{"href":"https:\/\/www.europesays.com\/at\/wp-json\/wp\/v2\/posts\/370905","targetHints":{"allow":["GET"]}}],"collection":[{"href":"https:\/\/www.europesays.com\/at\/wp-json\/wp\/v2\/posts"}],"about":[{"href":"https:\/\/www.europesays.com\/at\/wp-json\/wp\/v2\/types\/post"}],"author":[{"embeddable":true,"href":"https:\/\/www.europesays.com\/at\/wp-json\/wp\/v2\/users\/2"}],"replies":[{"embeddable":true,"href":"https:\/\/www.europesays.com\/at\/wp-json\/wp\/v2\/comments?post=370905"}],"version-history":[{"count":0,"href":"https:\/\/www.europesays.com\/at\/wp-json\/wp\/v2\/posts\/370905\/revisions"}],"wp:featuredmedia":[{"embeddable":true,"href":"https:\/\/www.europesays.com\/at\/wp-json\/wp\/v2\/media\/370906"}],"wp:attachment":[{"href":"https:\/\/www.europesays.com\/at\/wp-json\/wp\/v2\/media?parent=370905"}],"wp:term":[{"taxonomy":"category","embeddable":true,"href":"https:\/\/www.europesays.com\/at\/wp-json\/wp\/v2\/categories?post=370905"},{"taxonomy":"post_tag","embeddable":true,"href":"https:\/\/www.europesays.com\/at\/wp-json\/wp\/v2\/tags?post=370905"}],"curies":[{"name":"wp","href":"https:\/\/api.w.org\/{rel}","templated":true}]}}