{"id":370921,"date":"2026-09-02T14:31:11","date_gmt":"2026-09-02T14:31:11","guid":{"rendered":"https:\/\/www.europesays.com\/at\/370921\/"},"modified":"2026-09-02T14:31:11","modified_gmt":"2026-09-02T14:31:11","slug":"mittelfeld-verstaerkung-fuer-den-fc-blau-weiss-linz","status":"publish","type":"post","link":"https:\/\/www.europesays.com\/at\/370921\/","title":{"rendered":"Mittelfeld-Verst\u00e4rkung f\u00fcr den FC Blau-Wei\u00df Linz"},"content":{"rendered":"<p>\t\t\t\t\t\t\t\t\t\t\t\t\t\t\t <img decoding=\"async\" src=\"https:\/\/www.europesays.com\/at\/wp-content\/uploads\/2026\/09\/blauweiss_linz.jpg\" alt=\"\"\/> <\/p>\n<p>Einen Tag vor dem Deadline-Day gibt der <a href=\"https:\/\/ticker.ligaportal.at\/mannschaft\/10\/fc-bw-linz\" rel=\"nofollow noopener\" target=\"_blank\">FC Blau-Wei\u00df Linz<\/a> die Verpflichtung von Mittelfeldmann\u00a0Diego Madritsch\u00a0bekannt. Der 21-j\u00e4hrige Ober\u00f6sterreicher unterschreibt einen Vertrag bis Sommer 2027 mit der Option auf ein weiteres Jahr.<\/p>\n<p><img decoding=\"async\" src=\"https:\/\/www.europesays.com\/at\/wp-content\/uploads\/2026\/09\/madritsch-diego-02092026-bwlinz-ringsmuth.jpeg\" alt=\"\"\/><\/p>\n<p>Madritsch hat die Linzer &#8222;menschlich und sportlich absolut \u00fcberzeugt&#8220;<\/p>\n<p>Madritsch wurde in der Akademie der SV Ried ausgebildet, bestritt f\u00fcr die Innviertler im Jahr 2023 sein erstes Bundesliga-Spiel und absolvierte mehrere Eins\u00e4tze in den \u00d6FB-Nachwuchs-Nationalteams. Im Sommer 2024 folgte der Wechsel zum SCR Altach, wo ihn eine Verletzung ausbremste.<\/p>\n<p>Sportdirektor Christoph Sch\u00f6\u00dfwendter sagt:\u00a0\u201eDiego ist ein junger \u00f6sterreichischer Spieler, der uns in den letzten Wochen menschlich wie sportlich absolut \u00fcberzeugt hat. Nach einer verletzungsbedingt schwierigen Zeit in Altach ist er mittlerweile schon einige Wochen bei uns im Trainingsbetrieb und voll integriert. Jetzt am Ende der Transferzeit, und weil der Kader insgesamt sehr ausgewogen ist, haben wir uns dazu entschlossen, Diego zu verpflichten. Er ist ein technisch starker und enorm flei\u00dfiger Mittelfeldspieler, der mit seinen 21 Jahren au\u00dferdem noch viel Entwicklungspotenzial hat.\u201c<\/p>\n<p>Cheftrainer Michael K\u00f6llner betont:\u00a0\u201eDiego trainiert bereits seit mehreren Wochen bei uns und hat sowohl seine Qualit\u00e4ten und sein Potenzial als auch seinen unbedingten Willen, ein Blau-Wei\u00dfer werden zu wollen, gezeigt. Mit ihm gewinnen wir einen weiteren spielstarken Spieler, der unser Spiel bereichern wird. Er passt in jeder Hinsicht perfekt zu unserer Mannschaft.\u201c<\/p>\n<p>Foto: FC Blau-Wei\u00df Linz<\/p>\n","protected":false},"excerpt":{"rendered":"Einen Tag vor dem Deadline-Day gibt der FC Blau-Wei\u00df Linz die Verpflichtung von Mittelfeldmann\u00a0Diego Madritsch\u00a0bekannt. Der 21-j\u00e4hrige Ober\u00f6sterreicher&hellip;\n","protected":false},"author":2,"featured_media":370922,"comment_status":"","ping_status":"","sticky":false,"template":"","format":"standard","meta":{"footnotes":"","_share_on_mastodon":"0"},"categories":[30],"tags":[46,42,80019,2263,184,16560,44,1877],"class_list":["post-370921","post","type-post","status-publish","format-standard","has-post-thumbnail","category-linz","tag-at","tag-austria","tag-diego-madritsch","tag-fc-blau-weiss-linz","tag-linz","tag-mittelfeldspieler","tag-oesterreich","tag-transfermarkt"],"share_on_mastodon":{"url":"https:\/\/pubeurope.com\/@at\/117201933769253167","error":""},"_links":{"self":[{"href":"https:\/\/www.europesays.com\/at\/wp-json\/wp\/v2\/posts\/370921","targetHints":{"allow":["GET"]}}],"collection":[{"href":"https:\/\/www.europesays.com\/at\/wp-json\/wp\/v2\/posts"}],"about":[{"href":"https:\/\/www.europesays.com\/at\/wp-json\/wp\/v2\/types\/post"}],"author":[{"embeddable":true,"href":"https:\/\/www.europesays.com\/at\/wp-json\/wp\/v2\/users\/2"}],"replies":[{"embeddable":true,"href":"https:\/\/www.europesays.com\/at\/wp-json\/wp\/v2\/comments?post=370921"}],"version-history":[{"count":0,"href":"https:\/\/www.europesays.com\/at\/wp-json\/wp\/v2\/posts\/370921\/revisions"}],"wp:featuredmedia":[{"embeddable":true,"href":"https:\/\/www.europesays.com\/at\/wp-json\/wp\/v2\/media\/370922"}],"wp:attachment":[{"href":"https:\/\/www.europesays.com\/at\/wp-json\/wp\/v2\/media?parent=370921"}],"wp:term":[{"taxonomy":"category","embeddable":true,"href":"https:\/\/www.europesays.com\/at\/wp-json\/wp\/v2\/categories?post=370921"},{"taxonomy":"post_tag","embeddable":true,"href":"https:\/\/www.europesays.com\/at\/wp-json\/wp\/v2\/tags?post=370921"}],"curies":[{"name":"wp","href":"https:\/\/api.w.org\/{rel}","templated":true}]}}