{"id":370933,"date":"2026-09-02T14:37:11","date_gmt":"2026-09-02T14:37:11","guid":{"rendered":"https:\/\/www.europesays.com\/at\/370933\/"},"modified":"2026-09-02T14:37:11","modified_gmt":"2026-09-02T14:37:11","slug":"wacken-feiert-erneut-christopher-street-day","status":"publish","type":"post","link":"https:\/\/www.europesays.com\/at\/370933\/","title":{"rendered":"Wacken feiert erneut Christopher Street Day"},"content":{"rendered":"<p>Am 19. September wird der zweite Christopher Street Day (CSD) in Wacken stattfinden. Statt nur Massen von Metalheads gibt es in dem Metal-Dorf also einen bunten Demonstrationszug sowie eine darauffolgende Kundgebung, Infost\u00e4nde und B\u00fchnenprogramm.<\/p>\n<p>Vielfalt und Respekt<\/p>\n<p>Der veranstaltende Verein schreibt in einer Ank\u00fcndigung: \u201eWir vom Verein <a href=\"https:\/\/anders-gleich-anders.de\/\" target=\"_blank\" rel=\"noopener nofollow\">Anders?=Anders!<\/a> wollen in diesem Jahr zum zweiten Mal einen CSD in Wacken stattfinden lassen. Ziel ist es, gemeinsam mit Menschen aus der queeren Community und Unterst\u00fctzer*innen ein Zeichen f\u00fcr Vielfalt, Respekt und ein solidarisches Miteinander zu setzen.<\/p>\n<p>Empfehlungen der Redaktion<\/p>\n<p>Neben der politischen Botschaft geht es beim CSD auch darum, Sichtbarkeit zu schaffen, Vorurteile aufzul\u00f6sen und einen Raum zu bieten, in dem sich alle Menschen frei und sicher entfalten k\u00f6nnen. Der Wackener CSD soll sowohl als Demonstration als auch Begegnungsort laut, bunt und offen f\u00fcr alle Besucher*innen sein.\u201c<\/p>\n<p>Wacken ist bunt<\/p>\n<p>Treffpunkt ist laut Veranstalter am 19. September um 12:30 Uhr am Stadionparkplatz (Reselithweg 12A 25596 Wacken). Die Demo-Route erstreckt sich \u00fcber circa drei Kilometer durch den Ort Wacken selbst und ist barrierefrei.<\/p>\n<p>Ziel des ortsans\u00e4ssigen Vereinsist: \u201eMenschen, unabh\u00e4ngig deren ethnischen, sozialen oder kulturellen Hintergr\u00fcnden, einen gesch\u00fctzten Raum (Safe Space) zu bieten. Einen Safe Space definieren wir dabei als sowohl virtuellen als auch physischen Raum, in dem Teilnehmende in deren sozialen und gesellschaftlichen Leben unterst\u00fctzt und begleitet werden, ohne deren Identit\u00e4t verleugnen zu m\u00fcssen.\u201c<\/p>\n<p>An dieser Stelle findest du Inhalte aus Instagram<\/p>\n<p>Um mit Inhalten aus Sozialen Netzwerken zu interagieren oder diese darzustellen, brauchen wir deine Zustimmung.<\/p>\n<p>\tSoziale Netzwerke aktivieren<\/p>\n<p>2025 fand in Wackens erster Christopher Street Day statt. Die dpa berichtete von 350 Teilnehmenden. Und auch in Zukunft sind weitere CSDs im Metal-Dorf geplant. Jedes Jahr soll die Veranstaltung am dritten Samstag des September stattfinden. Das Wacken Open Air ist selbst nicht an der Veranstaltung beteiligt, jedoch sind Anders?=Anders! auf dem Festival meist mit einem Stand vertreten.<\/p>\n<p>\u2014<br \/>Bestens informiert \u00fcber dieses und alle weiteren wichtigen Themen im Metal bleibt ihr au\u00dferdem mit unserem Newsletter. Einmal pro Woche flattert euch \u00fcbersichtlich sortiert ein Update ins Postfach.\u00a0<a href=\"https:\/\/www.metal-hammer.de\/news\/newsletter\/\" target=\"_blank\" rel=\"noopener noreferrer nofollow\">Einfach anmelden<\/a>, damit euch auch sicher nichts entgeht.<\/p>\n<p class=\"wp-block-paragraph\">Exklusive Airbourne-Vinyl-7\u201c nur zusammen mit der aktuellen METAL HAMMER-Ausgabe: Jetzt am Kiosk oder direkt portofrei nach Hause zu bestellen! Alle Infos unter <a href=\"https:\/\/www.metal-hammer.de\/airbourne\" rel=\"nofollow noopener\" target=\"_blank\">www.metal-hammer.de\/airbourne<\/a>.<\/p>\n","protected":false},"excerpt":{"rendered":"Am 19. September wird der zweite Christopher Street Day (CSD) in Wacken stattfinden. Statt nur Massen von Metalheads&hellip;\n","protected":false},"author":2,"featured_media":370934,"comment_status":"","ping_status":"","sticky":false,"template":"","format":"standard","meta":{"footnotes":"","_share_on_mastodon":"0"},"categories":[24],"tags":[92965,46,42,77723,78940,1869,147,153,154,44,46452,27491,148,2271],"class_list":["post-370933","post","type-post","status-publish","format-standard","has-post-thumbnail","category-musik","tag-andersanders","tag-at","tag-austria","tag-christopher-street-day","tag-csd","tag-demonstration","tag-entertainment","tag-music","tag-musik","tag-oesterreich","tag-pride","tag-queer","tag-unterhaltung","tag-wacken"],"share_on_mastodon":{"url":"https:\/\/pubeurope.com\/@at\/117201957213695041","error":""},"_links":{"self":[{"href":"https:\/\/www.europesays.com\/at\/wp-json\/wp\/v2\/posts\/370933","targetHints":{"allow":["GET"]}}],"collection":[{"href":"https:\/\/www.europesays.com\/at\/wp-json\/wp\/v2\/posts"}],"about":[{"href":"https:\/\/www.europesays.com\/at\/wp-json\/wp\/v2\/types\/post"}],"author":[{"embeddable":true,"href":"https:\/\/www.europesays.com\/at\/wp-json\/wp\/v2\/users\/2"}],"replies":[{"embeddable":true,"href":"https:\/\/www.europesays.com\/at\/wp-json\/wp\/v2\/comments?post=370933"}],"version-history":[{"count":0,"href":"https:\/\/www.europesays.com\/at\/wp-json\/wp\/v2\/posts\/370933\/revisions"}],"wp:featuredmedia":[{"embeddable":true,"href":"https:\/\/www.europesays.com\/at\/wp-json\/wp\/v2\/media\/370934"}],"wp:attachment":[{"href":"https:\/\/www.europesays.com\/at\/wp-json\/wp\/v2\/media?parent=370933"}],"wp:term":[{"taxonomy":"category","embeddable":true,"href":"https:\/\/www.europesays.com\/at\/wp-json\/wp\/v2\/categories?post=370933"},{"taxonomy":"post_tag","embeddable":true,"href":"https:\/\/www.europesays.com\/at\/wp-json\/wp\/v2\/tags?post=370933"}],"curies":[{"name":"wp","href":"https:\/\/api.w.org\/{rel}","templated":true}]}}