{"id":370949,"date":"2026-09-02T14:46:12","date_gmt":"2026-09-02T14:46:12","guid":{"rendered":"https:\/\/www.europesays.com\/at\/370949\/"},"modified":"2026-09-02T14:46:12","modified_gmt":"2026-09-02T14:46:12","slug":"an-der-a10-noch-einmal-totalsperren-von-autobahn-abfahrten-krone-at","status":"publish","type":"post","link":"https:\/\/www.europesays.com\/at\/370949\/","title":{"rendered":"An der A10 &#8211; Noch einmal Totalsperren von Autobahn-Abfahrten &#8211; krone.at"},"content":{"rendered":"<p><a href=\"https:\/\/news.google.com\/rss\/articles\/CBMiQkFVX3lxTE1Cdkg4Q09aZFFJNzI0ZVY4M2lQbzNkVkg0bVZLZUZBSzV5Q0g3bGRBTWpQMVZjVHNUaHZKNjdjWVFadw?oc=5\" target=\"_blank\" rel=\"nofollow noopener\">An der A10 &#8211; Noch einmal Totalsperren von Autobahn-Abfahrten<\/a>&nbsp;&nbsp;krone.at<a href=\"https:\/\/news.google.com\/rss\/articles\/CBMi1AFBVV95cUxQR21TWVNkVzh6cUk1a3lJNzZhSk5oNm1GZW1BVVU5Vm5vSjd2cVFNOTRGUkRnWGhTVVFabUhCWXlOUFZsR29PWjkyN2xjVzBuMmx2a1FLV0hvdWVuc1lLdUdiQmtSdF9UYU9rNkJjVUxPUFE3U2hSWFVMWG96a0d3YW5OSzdzeTZIZmxGT2NZYjNDU3JOdkxsMXFDdGhzb3V0X0xLcHJFZEQwLXVPR3FLWExpMXdjZlpSTGNKODdDaDJaR0pHMXJPREhzSFZSUjB2ZXpNQQ?oc=5\" target=\"_blank\" rel=\"nofollow noopener\">Ferienende im Osten und deutsche R\u00fcckreisewelle sorgen in Salzburg f\u00fcr volle Stra\u00dfen<\/a>&nbsp;&nbsp;salzburg24<a href=\"https:\/\/news.google.com\/rss\/articles\/CBMiogFBVV95cUxOaDVqbTQ0OHROSlBOdHBPQVB4YndOS2x1c094Y216RU9mOGxGRlZMcVd4N0dZNXY0ejVXaEphSmU1N0ttVXVlM3A3bmxKNGNnU2xyWGNHOFRJVFlaNXdyV3pEVWNpV2YwSFAzNGtIa0xhQ19SZDZ2ZG81NXZxS1JETURiOTgxWmdmTUlGZWYxLXE4VlNpSUFPdktBclhKdWVpMkE?oc=5\" target=\"_blank\" rel=\"nofollow noopener\">Letzter Pilotversuch Transitmanagement A 10<\/a>&nbsp;&nbsp;ASFINAG<a href=\"https:\/\/news.google.com\/rss\/articles\/CBMiswFBVV95cUxPbWhxbG5iZ1pKM1YxczRVVUVuYzFxT0xJdmlZajZBZjlNSkNDb2czVnpNQVdQODFEbDZNX2x6VjNrM0VIXzBOa1BaQ1lPWndCd19MWjNlNDhLZHRWVloxcV9HbVYySjBLaTNLT1dXOUVyM1p4VUdDVU5PVldnUUpJbEU4amtQeHR4YlhLdFRPcl9MbGZnVTdDZnNWOVMydDJoTWtDZmZRUjE5LWpmdlUzbVNTWQ?oc=5\" target=\"_blank\" rel=\"nofollow noopener\">Chaos f\u00fcr Urlauber droht: ASFINAG sperrt Abfahrten auf der Tauernautobahn \u2013 diese Tage sind betroffen<\/a>&nbsp;&nbsp;TZ<\/p>\n","protected":false},"excerpt":{"rendered":"An der A10 &#8211; Noch einmal Totalsperren von Autobahn-Abfahrten&nbsp;&nbsp;krone.atFerienende im Osten und deutsche R\u00fcckreisewelle sorgen in Salzburg f\u00fcr&hellip;\n","protected":false},"author":2,"featured_media":370950,"comment_status":"","ping_status":"","sticky":false,"template":"","format":"standard","meta":{"footnotes":"","_share_on_mastodon":"0"},"categories":[6],"tags":[46,42,643,257,622,623,44,43,45,192,182],"class_list":["post-370949","post","type-post","status-publish","format-standard","has-post-thumbnail","category-oesterreich","tag-at","tag-austria","tag-burgenland","tag-deutschland","tag-niederoesterreich","tag-oeamtc","tag-oesterreich","tag-republic-of-austria","tag-republik-oesterreich","tag-salzburg","tag-wien"],"share_on_mastodon":{"url":"https:\/\/pubeurope.com\/@at\/117201992870185132","error":""},"_links":{"self":[{"href":"https:\/\/www.europesays.com\/at\/wp-json\/wp\/v2\/posts\/370949","targetHints":{"allow":["GET"]}}],"collection":[{"href":"https:\/\/www.europesays.com\/at\/wp-json\/wp\/v2\/posts"}],"about":[{"href":"https:\/\/www.europesays.com\/at\/wp-json\/wp\/v2\/types\/post"}],"author":[{"embeddable":true,"href":"https:\/\/www.europesays.com\/at\/wp-json\/wp\/v2\/users\/2"}],"replies":[{"embeddable":true,"href":"https:\/\/www.europesays.com\/at\/wp-json\/wp\/v2\/comments?post=370949"}],"version-history":[{"count":0,"href":"https:\/\/www.europesays.com\/at\/wp-json\/wp\/v2\/posts\/370949\/revisions"}],"wp:featuredmedia":[{"embeddable":true,"href":"https:\/\/www.europesays.com\/at\/wp-json\/wp\/v2\/media\/370950"}],"wp:attachment":[{"href":"https:\/\/www.europesays.com\/at\/wp-json\/wp\/v2\/media?parent=370949"}],"wp:term":[{"taxonomy":"category","embeddable":true,"href":"https:\/\/www.europesays.com\/at\/wp-json\/wp\/v2\/categories?post=370949"},{"taxonomy":"post_tag","embeddable":true,"href":"https:\/\/www.europesays.com\/at\/wp-json\/wp\/v2\/tags?post=370949"}],"curies":[{"name":"wp","href":"https:\/\/api.w.org\/{rel}","templated":true}]}}