{"id":370955,"date":"2026-09-02T14:49:12","date_gmt":"2026-09-02T14:49:12","guid":{"rendered":"https:\/\/www.europesays.com\/at\/370955\/"},"modified":"2026-09-02T14:49:12","modified_gmt":"2026-09-02T14:49:12","slug":"absage-salzburg-flirt-wird-teamkollege-von-oefb-legionaer","status":"publish","type":"post","link":"https:\/\/www.europesays.com\/at\/370955\/","title":{"rendered":"Absage! Salzburg-Flirt wird Teamkollege von \u00d6FB-Legion\u00e4r"},"content":{"rendered":"<p>Auf der Suche nach einer Verst\u00e4rkung f\u00fcr die Defensive soll der <a href=\"https:\/\/www.laola1.at\/de\/daten\/news\/fussball\/fc-red-bull-salzburg\/\" class=\"tag\" rel=\"nofollow noopener\" target=\"_blank\">FC Red Bull Salzburg<\/a> auch bei Tobias Paliscak vom slowakischen Pokalsieger MSK Zilina vorstellig geworden sein.<\/p>\n<p><a target=\"_self\" rel=\"noopener noreferrer nofollow\" href=\"https:\/\/www.laola1.at\/de\/red\/fussball\/bundesliga\/news\/salzburg-hat-slowakisches-abwehr-talent-auf-dem-radar\/\">Salzburg hat slowakisches Abwehr-Talent auf dem Radar &gt;&gt;&gt;<\/a><\/p>\n<p>Laut Fabrizio Romano sollen sich auch zwei Klubs aus Italien um den 18-j\u00e4hrigen Innenverteidiger bem\u00fcht haben.<\/p>\n<p>Doch wie seit Dienstag feststeht, setzt der slowakische U21-Teamspieler seine Karriere in Tschechien fort. Bei Neo-Klub Viktoria Pilsen wurde er mit einem Vertrag bis 2030 ausgestattet. Kolportierte drei Millionen Euro lie\u00df sich der Europa-League-Teilnehmer die Dienste des 18-J\u00e4hrigen kosten.<\/p>\n<p>Aussicht auf Eins\u00e4tze in der Europa League<\/p>\n<p>Mit dem Wechsel nach Pilsen erf\u00fcllt er sich auch den Traum von einer internationalen Ligaphase. W\u00e4hrend er mit seinem fr\u00fcheren Arbeitgeber MSK Zilina fr\u00fch scheiterte, sicherte sich der Tabellendritte der abgelaufenen Chance-Liga-Saison mit einem epischen Comeback gegen Roter Stern Belgrad zum Leidwesen der \u00d6FB-Legion\u00e4re <a href=\"https:\/\/www.laola1.at\/de\/daten\/news\/muhammed-cham\/\" class=\"tag\" rel=\"nofollow noopener\" target=\"_blank\">Muhammed Cham<\/a> und <a href=\"https:\/\/www.laola1.at\/de\/daten\/news\/fussball\/marko-arnautovic\/\" class=\"tag\" rel=\"nofollow noopener\" target=\"_blank\">Marko Arnautovic<\/a> das Ticket f\u00fcr die Europa-League-Ligaphase.<\/p>\n<p>Auch wenn er sich gegen einen Transfer in die Mozartstadt entschieden hat, wird er k\u00fcnftig trotzdem mit einem \u00d6sterreicher zusammenspielen: Mit Florian Wiegele ist ein \u00d6FB-Legion\u00e4r Stammtorh\u00fcter beim tschechischen Traditionsklub.<\/p>\n","protected":false},"excerpt":{"rendered":"Auf der Suche nach einer Verst\u00e4rkung f\u00fcr die Defensive soll der FC Red Bull Salzburg auch bei Tobias&hellip;\n","protected":false},"author":2,"featured_media":370956,"comment_status":"","ping_status":"","sticky":false,"template":"","format":"standard","meta":{"footnotes":"","_share_on_mastodon":"0"},"categories":[31],"tags":[46,42,1061,7522,964,1880,16298,88914,1163,44,192,1877,1373],"class_list":["post-370955","post","type-post","status-publish","format-standard","has-post-thumbnail","category-salzburg","tag-at","tag-austria","tag-fc-red-bull-salzburg","tag-florian-wiegele","tag-fussball","tag-fussball-international","tag-marcus-mann","tag-msk-zilina","tag-oefb-legionaere","tag-oesterreich","tag-salzburg","tag-transfermarkt","tag-viktoria-pilsen"],"share_on_mastodon":{"url":"https:\/\/pubeurope.com\/@at\/117202004510919983","error":""},"_links":{"self":[{"href":"https:\/\/www.europesays.com\/at\/wp-json\/wp\/v2\/posts\/370955","targetHints":{"allow":["GET"]}}],"collection":[{"href":"https:\/\/www.europesays.com\/at\/wp-json\/wp\/v2\/posts"}],"about":[{"href":"https:\/\/www.europesays.com\/at\/wp-json\/wp\/v2\/types\/post"}],"author":[{"embeddable":true,"href":"https:\/\/www.europesays.com\/at\/wp-json\/wp\/v2\/users\/2"}],"replies":[{"embeddable":true,"href":"https:\/\/www.europesays.com\/at\/wp-json\/wp\/v2\/comments?post=370955"}],"version-history":[{"count":0,"href":"https:\/\/www.europesays.com\/at\/wp-json\/wp\/v2\/posts\/370955\/revisions"}],"wp:featuredmedia":[{"embeddable":true,"href":"https:\/\/www.europesays.com\/at\/wp-json\/wp\/v2\/media\/370956"}],"wp:attachment":[{"href":"https:\/\/www.europesays.com\/at\/wp-json\/wp\/v2\/media?parent=370955"}],"wp:term":[{"taxonomy":"category","embeddable":true,"href":"https:\/\/www.europesays.com\/at\/wp-json\/wp\/v2\/categories?post=370955"},{"taxonomy":"post_tag","embeddable":true,"href":"https:\/\/www.europesays.com\/at\/wp-json\/wp\/v2\/tags?post=370955"}],"curies":[{"name":"wp","href":"https:\/\/api.w.org\/{rel}","templated":true}]}}