{"id":370989,"date":"2026-09-02T15:09:10","date_gmt":"2026-09-02T15:09:10","guid":{"rendered":"https:\/\/www.europesays.com\/at\/370989\/"},"modified":"2026-09-02T15:09:10","modified_gmt":"2026-09-02T15:09:10","slug":"bw-linz-holt-ex-altacher-fuers-mittelfeld","status":"publish","type":"post","link":"https:\/\/www.europesays.com\/at\/370989\/","title":{"rendered":"BW Linz holt Ex-Altacher f\u00fcrs Mittelfeld"},"content":{"rendered":"<p>N\u00e4chster Neuzugang f\u00fcr Blau-Wei\u00df Linz!<\/p>\n<p>Der Absteiger der ADMIRAL Bundesliga und aktuelle Tabellenf\u00fchrer von LigaZwa verst\u00e4rkt sich kurz vor Transferende noch mit einem neuen Mittelfeldspieler. So wechselt Diego Madritsch abl\u00f6sefrei in die Stahlstadt.<\/p>\n<p>Der 21-J\u00e4hrige war seit seinem Vertragsende beim <a href=\"https:\/\/www.laola1.at\/de\/daten\/news\/fussball\/scr-altach\/\" class=\"tag\" rel=\"nofollow noopener\" target=\"_blank\">SCR Altach<\/a> im Juli vereinslos. In Linz unterschreibt Madritsch nun einen Vertrag bis Saisonende, mit Option.<\/p>\n<p>Bereits seit Wochen im Training<\/p>\n<p>&#8222;Diego ist ein junger \u00f6sterreichischer Spieler, der uns in den letzten Wochen menschlich wie sportlich absolut \u00fcberzeugt hat. Nach einer verletzungsbedingt schwierigen Zeit in Altach ist er mittlerweile schon einige Wochen bei uns im Trainingsbetrieb und voll integriert&#8220;, wird Sportdirektor Christoph Sch\u00f6sswendter in der Aussendung zitiert.<\/p>\n<p>Madritsch stammt aus der Jugend der <a href=\"https:\/\/www.laola1.at\/de\/daten\/news\/fussball\/sv-ried\/\" class=\"tag\" rel=\"nofollow noopener\" target=\"_blank\">SV Ried<\/a> und wechselte im Sommer 2024 f\u00fcr eine niedrige Abl\u00f6sesumme ins L\u00e4ndle nach Altach. F\u00fcr die Vorarlberger kam der Mittelfeldspieler nur bei den Juniors zum Einsatz. In der Regionalliga machte er 28 Spiele (3 Tore).<\/p>\n<p>&#8222;Jetzt am Ende der Transferzeit, und weil der Kader insgesamt sehr ausgewogen ist, haben wir uns dazu entschlossen, Diego zu verpflichten. Er ist ein technisch starker und enorm flei\u00dfiger Mittelfeldspieler, der mit seinen 21 Jahren au\u00dferdem noch viel Entwicklungspotenzial hat&#8220;, so Sch\u00f6sswendter.<\/p>\n","protected":false},"excerpt":{"rendered":"N\u00e4chster Neuzugang f\u00fcr Blau-Wei\u00df Linz! Der Absteiger der ADMIRAL Bundesliga und aktuelle Tabellenf\u00fchrer von LigaZwa verst\u00e4rkt sich kurz&hellip;\n","protected":false},"author":2,"featured_media":370990,"comment_status":"","ping_status":"","sticky":false,"template":"","format":"standard","meta":{"footnotes":"","_share_on_mastodon":"0"},"categories":[30],"tags":[1322,46,42,15837,80019,2263,964,184,44,1877],"class_list":["post-370989","post","type-post","status-publish","format-standard","has-post-thumbnail","category-linz","tag-2-liga","tag-at","tag-austria","tag-christoph-schoesswendter","tag-diego-madritsch","tag-fc-blau-weiss-linz","tag-fussball","tag-linz","tag-oesterreich","tag-transfermarkt"],"share_on_mastodon":{"url":"https:\/\/pubeurope.com\/@at\/117202083026939117","error":""},"_links":{"self":[{"href":"https:\/\/www.europesays.com\/at\/wp-json\/wp\/v2\/posts\/370989","targetHints":{"allow":["GET"]}}],"collection":[{"href":"https:\/\/www.europesays.com\/at\/wp-json\/wp\/v2\/posts"}],"about":[{"href":"https:\/\/www.europesays.com\/at\/wp-json\/wp\/v2\/types\/post"}],"author":[{"embeddable":true,"href":"https:\/\/www.europesays.com\/at\/wp-json\/wp\/v2\/users\/2"}],"replies":[{"embeddable":true,"href":"https:\/\/www.europesays.com\/at\/wp-json\/wp\/v2\/comments?post=370989"}],"version-history":[{"count":0,"href":"https:\/\/www.europesays.com\/at\/wp-json\/wp\/v2\/posts\/370989\/revisions"}],"wp:featuredmedia":[{"embeddable":true,"href":"https:\/\/www.europesays.com\/at\/wp-json\/wp\/v2\/media\/370990"}],"wp:attachment":[{"href":"https:\/\/www.europesays.com\/at\/wp-json\/wp\/v2\/media?parent=370989"}],"wp:term":[{"taxonomy":"category","embeddable":true,"href":"https:\/\/www.europesays.com\/at\/wp-json\/wp\/v2\/categories?post=370989"},{"taxonomy":"post_tag","embeddable":true,"href":"https:\/\/www.europesays.com\/at\/wp-json\/wp\/v2\/tags?post=370989"}],"curies":[{"name":"wp","href":"https:\/\/api.w.org\/{rel}","templated":true}]}}