{"id":370995,"date":"2026-09-02T15:12:15","date_gmt":"2026-09-02T15:12:15","guid":{"rendered":"https:\/\/www.europesays.com\/at\/370995\/"},"modified":"2026-09-02T15:12:15","modified_gmt":"2026-09-02T15:12:15","slug":"sandra-hueller-ich-identifiziere-mich-nicht-als-deutsche-2","status":"publish","type":"post","link":"https:\/\/www.europesays.com\/at\/370995\/","title":{"rendered":"Sandra H\u00fcller: &#8222;Ich identifiziere mich nicht als Deutsche&#8220;"},"content":{"rendered":"<p class=\"content__description\" data-speakable=\"\">Sandra H\u00fcller spricht in einem Interview \u00fcber ihre Identit\u00e4t, den Umgang mit Heimat und Verantwortung \u2013 und ihr Verh\u00e4ltnis zur DDR.<\/p>\n<p data-speakable=\"\"><a data-component-name=\"link.semantic\" data-brain-zone=\".42679050.content.textlink_1\" data-component-path=\"content.textlink_1\" href=\"https:\/\/www.gmx.at\/magazine\/unterhaltung\/thema\/sandra-hueller\" rel=\"nofollow noopener\" target=\"_blank\">Sandra H\u00fcller<\/a> sieht sich in erster Linie als Th\u00fcringerin und Europ\u00e4erin. &#8222;Ich pers\u00f6nlich identifiziere mich nicht als Deutsche. Ich w\u00fcrde sagen, ich sehe mich als th\u00fcringische Europ\u00e4erin oder europ\u00e4ische Th\u00fcringerin. Aber ich finde: Wenn man in diesem Land geboren ist, tr\u00e4gt das eine Verantwortung in sich. Die kann man nicht einfach ignorieren&#8220;, sagte die Schauspielerin im Interview mit der &#8222;S\u00fcddeutschen&#8220;.<\/p>\n<p data-speakable=\"\">Diese Verantwortung habe aber auch eine Grenze. &#8222;Ich kann mich nicht jedes Mal f\u00fcr <a data-component-name=\"link.semantic\" data-brain-zone=\".42679050.content.textlink_2\" data-component-path=\"content.textlink_2\" href=\"https:\/\/www.gmx.at\/magazine\/reise\/thema\/thueringen\" rel=\"nofollow noopener\" target=\"_blank\">Th\u00fcringen<\/a> und irgendwelche Wahlentscheidungen rechtfertigen&#8220;, so H\u00fcller. Auf die Frage, ob sie finde, dass ein Schatten \u00fcber Th\u00fcringen liege, sagte sie: &#8222;Ich bin oft da, weil Teile meiner Familie da leben. Ich weigere mich, anzuerkennen, dass da ein Schatten dr\u00fcber liegt. Ich glaube, dass Th\u00fcringen mehr kann als das.&#8220;<\/p>\n<p data-speakable=\"\">Die international gefragte Darstellerin (&#8222;Vaterland&#8220;, &#8222;Project Hail Mary&#8220;) erkl\u00e4rte, im Austausch mit Menschen aus anderen L\u00e4ndern immer wieder mit ihrem Deutsch-Sein konfrontiert zu werden. &#8222;Viele Gespr\u00e4che drehen sich um deutsche Politik in der Vergangenheit und in der Jetztzeit.&#8220;<\/p>\n<p><a href=\"https:\/\/www.gmx.at\/magazine\/unterhaltung\/filme-serien-kino\/oscars\/sandra-hueller-oscar-nominiert-42620786\" data-brain-zone=\".42679050.content.teaser_1.1\" data-component-path=\"content.teaser_1.1\" data-component-name=\"link.editorial\" class=\"teaser teaser--horizontal\" data-block-name=\"content.teaser_1\" data-item-position=\"1\" data-item-source=\"cms\" data-article-id=\"cmd:42620786\" rel=\"nofollow noopener\" target=\"_blank\"><\/p>\n<p><img loading=\"lazy\" decoding=\"async\" src=\"https:\/\/www.europesays.com\/at\/wp-content\/uploads\/2026\/09\/filmfestival-cannes.jpg\" alt=\"\" width=\"76\" height=\"76\" class=\"teaser__image\"\/><\/p>\n<p>\nRegel\u00e4nderung macht es m\u00f6glich\n<\/p>\n<p>Wird Sandra H\u00fcller vier Mal f\u00fcr den Oscar nominiert?<\/p>\n<p><\/a><br \/>\nGef\u00fchl des Nachhausekommens fehlt Sandra H\u00fcller<\/p>\n<p data-speakable=\"\">In dem Interview sprach H\u00fcller auch \u00fcber ihre Erinnerungen an die DDR. Die 1978 im th\u00fcringischen Suhl geborene und nahe Rudolstadt aufgewachsene Schauspielerin antwortete auf die Frage, ob sie \u00fcberhaupt das Gef\u00fchl habe, nach Hause kommen zu k\u00f6nnen: &#8222;Das geht nicht, das Land existiert ja nicht mehr.&#8220;<\/p>\n<p data-speakable=\"\">In Anspielung auf eine Szene mit einem Kinderchor im Film &#8222;Vaterland&#8220; (Regie: Pawel Pawlikowski) erinnert sich die Oscar-nominierte Schauspielerin auch an das Singen der DDR-Nationalhymne &#8222;Auferstanden aus Ruinen&#8220;: &#8222;Diese politischen Rituale haben wir alle vollzogen. Als die DDR aufgeh\u00f6rt hat zu existieren, war ich in einem Alter, in dem ich das nicht reflektieren konnte.&#8220; <\/p>\n<p>Empfehlungen der Redaktion<\/p>\n<p data-speakable=\"\">Sie habe sich damals nicht von diesen Ritualen distanzieren k\u00f6nnen, dazu sei man als Kind nicht in der Lage. Es habe sie ber\u00fchrt, dass Regisseur Pawlikowski es geschafft habe, &#8222;diese Euphorie, diesen Enthusiasmus des Anfangens einzufangen. Ich glaube, das kommt dem Kindergef\u00fchl recht nahe&#8220;. (dpa\/bearbeitet von vit)<\/p>\n<p>\nTeaserbild: \u00a9 picture alliance\/SIPA\/PSNEWZ<\/p>\n","protected":false},"excerpt":{"rendered":"Sandra H\u00fcller spricht in einem Interview \u00fcber ihre Identit\u00e4t, den Umgang mit Heimat und Verantwortung \u2013 und ihr&hellip;\n","protected":false},"author":2,"featured_media":370996,"comment_status":"","ping_status":"","sticky":false,"template":"","format":"standard","meta":{"footnotes":"","_share_on_mastodon":"0"},"categories":[27],"tags":[46,42,175,3072,147,44,176,4604,1489,148],"class_list":["post-370995","post","type-post","status-publish","format-standard","has-post-thumbnail","category-prominente","tag-at","tag-austria","tag-celebrities","tag-ddr","tag-entertainment","tag-oesterreich","tag-prominente","tag-sandra-hueller","tag-thueringen","tag-unterhaltung"],"share_on_mastodon":{"url":"https:\/\/pubeurope.com\/@at\/117202095659131212","error":""},"_links":{"self":[{"href":"https:\/\/www.europesays.com\/at\/wp-json\/wp\/v2\/posts\/370995","targetHints":{"allow":["GET"]}}],"collection":[{"href":"https:\/\/www.europesays.com\/at\/wp-json\/wp\/v2\/posts"}],"about":[{"href":"https:\/\/www.europesays.com\/at\/wp-json\/wp\/v2\/types\/post"}],"author":[{"embeddable":true,"href":"https:\/\/www.europesays.com\/at\/wp-json\/wp\/v2\/users\/2"}],"replies":[{"embeddable":true,"href":"https:\/\/www.europesays.com\/at\/wp-json\/wp\/v2\/comments?post=370995"}],"version-history":[{"count":0,"href":"https:\/\/www.europesays.com\/at\/wp-json\/wp\/v2\/posts\/370995\/revisions"}],"wp:featuredmedia":[{"embeddable":true,"href":"https:\/\/www.europesays.com\/at\/wp-json\/wp\/v2\/media\/370996"}],"wp:attachment":[{"href":"https:\/\/www.europesays.com\/at\/wp-json\/wp\/v2\/media?parent=370995"}],"wp:term":[{"taxonomy":"category","embeddable":true,"href":"https:\/\/www.europesays.com\/at\/wp-json\/wp\/v2\/categories?post=370995"},{"taxonomy":"post_tag","embeddable":true,"href":"https:\/\/www.europesays.com\/at\/wp-json\/wp\/v2\/tags?post=370995"}],"curies":[{"name":"wp","href":"https:\/\/api.w.org\/{rel}","templated":true}]}}