{"id":371023,"date":"2026-09-02T15:29:18","date_gmt":"2026-09-02T15:29:18","guid":{"rendered":"https:\/\/www.europesays.com\/at\/371023\/"},"modified":"2026-09-02T15:29:18","modified_gmt":"2026-09-02T15:29:18","slug":"oesterreich-maedchen-3-ueberlebt-in-graz-sturz-aus-dem-fuenften-stock","status":"publish","type":"post","link":"https:\/\/www.europesays.com\/at\/371023\/","title":{"rendered":"\u00d6sterreich: M\u00e4dchen (3) \u00fcberlebt in Graz Sturz aus dem f\u00fcnften Stock"},"content":{"rendered":"<p>Ein echtes Wunder M\u00e4dchen (3) st\u00fcrzt aus f\u00fcnften Stock \u2013 und \u00fcberlebt leicht verletzt<img alt=\"Graz\" fetchpriority=\"high\" width=\"940\" height=\"529\" decoding=\"async\" data-nimg=\"1\" class=\"Image_image__SdgLQ Picture_image__vGN9W\" style=\"color:transparent\"   src=\"https:\/\/www.europesays.com\/at\/wp-content\/uploads\/2026\/09\/611464061.webp\"\/><\/p>\n<p>F\u00fcnf Stockwerke in die Tiefe!\u00a0Ein dreij\u00e4hriges Kind \u00fcberlebt in Graz diesen Sturz wie durch ein Wunder. (Symbolbild) <\/p>\n<p>picture alliance \/ imageBROKER | GoMaierhofer<\/p>\n<p class=\"AnnotatedMarkup_paragraph__IUT9l\">Sie hatte offenbar einen Schutzengel. <br \/>Ein dreij\u00e4hriges M\u00e4dchen st\u00fcrzt in der \u00f6sterreichischen Stadt Graz aus dem f\u00fcnften Stock eines Wohnhauses. Trotz des tiefen Falls kommt das Kind nach ersten Erkenntnissen ohne schwerwiegende Verletzungen davon.<\/p>\n<p>Dreij\u00e4hrige gleitet ihrer Schwester aus den H\u00e4nden<\/p>\n<p class=\"AnnotatedMarkup_paragraph__IUT9l\">Es sind dramatische Sekunden. Eine Mutter wartet am Dienstagabend gemeinsam mit ihren beiden T\u00f6chtern im f\u00fcnften Obergeschoss eines Mehrparteienhauses in Graz auf den Lift. Kurz darauf st\u00fcrzt die Dreij\u00e4hrige in die Tiefe. Wie <a rel=\"noopener noreferrer nofollow\" href=\"https:\/\/www.oe24.at\/a\/kleines-wunder-maedchen-3-ueberlebt-sturz-aus-5-stock-900111582\" target=\"_blank\">oe24<\/a> berichtet, hat die 13-j\u00e4hrige Schwester das kleine M\u00e4dchen offenbar hochgehoben, damit es \u00fcber das Gel\u00e4nder nach unten schauen kann. Dabei d\u00fcrfte sich die Dreij\u00e4hrige so weit nach vorne gelehnt haben, dass sie ihrer Schwester aus den H\u00e4nden glitt. Das Kind st\u00fcrzt aus dem f\u00fcnften Stock nach unten und landet in einem Steinbeet. Trotz des tiefen Falls ist die Dreij\u00e4hrige anschlie\u00dfend bei Bewusstsein.<\/p>\n<p>Im Video: W\u00e4hrend Mutter schl\u00e4ft! M\u00e4dchen (4) st\u00fcrzt aus f\u00fcnftem Stock<\/p>\n<p>00:49 min<\/p>\n<p>Nachbarn wollen sie DAMIT retten<\/p>\n<p>W\u00e4hrend Mutter schl\u00e4ft! M\u00e4dchen (4) st\u00fcrzt aus 5. Stock<\/p>\n<p>Anzeige:<\/p>\n<p>Empfehlungen unserer Partner<\/p>\n<p>Kleinkind nach Sturz in Kinderchirurgie gebracht<\/p>\n<p class=\"AnnotatedMarkup_paragraph__IUT9l\">Das Rote Kreuz versorgt das M\u00e4dchen direkt an der Unfallstelle medizinisch. Anschlie\u00dfend bringen die Rettungskr\u00e4fte die Dreij\u00e4hrige in die Kinderchirurgie des Landeskrankenhauses Graz. Dort folgt die erstaunliche Nachricht. Nach ersten Erkenntnissen hat das Kind bei dem Sturz aus dem f\u00fcnften Stock keine schwerwiegenden Verletzungen davongetragen.<\/p>\n<p class=\"AnnotatedMarkup_paragraph__IUT9l\">Verwendete Quellen: <a rel=\"noopener noreferrer nofollow\" href=\"https:\/\/www.oe24.at\/a\/kleines-wunder-maedchen-3-ueberlebt-sturz-aus-5-stock-900111582\" target=\"_blank\">oe24<\/a>, <a rel=\"noopener noreferrer nofollow\" href=\"https:\/\/www.diepresse.com\/41224476\/dreijaehrige-in-graz-ueberlebt-sturz-aus-dem-fuenften-stock-mit-ein\" target=\"_blank\">Die Presse <\/a><\/p>\n","protected":false},"excerpt":{"rendered":"Ein echtes Wunder M\u00e4dchen (3) st\u00fcrzt aus f\u00fcnften Stock \u2013 und \u00fcberlebt leicht verletzt F\u00fcnf Stockwerke in die&hellip;\n","protected":false},"author":2,"featured_media":371024,"comment_status":"","ping_status":"","sticky":false,"template":"","format":"standard","meta":{"footnotes":"","_share_on_mastodon":"0"},"categories":[29],"tags":[90996,46,42,183,44,9338],"class_list":["post-371023","post","type-post","status-publish","format-standard","has-post-thumbnail","category-graz","tag-ah-analytics","tag-at","tag-austria","tag-graz","tag-oesterreich","tag-sturz"],"share_on_mastodon":{"url":"https:\/\/pubeurope.com\/@at\/117202162338982783","error":""},"_links":{"self":[{"href":"https:\/\/www.europesays.com\/at\/wp-json\/wp\/v2\/posts\/371023","targetHints":{"allow":["GET"]}}],"collection":[{"href":"https:\/\/www.europesays.com\/at\/wp-json\/wp\/v2\/posts"}],"about":[{"href":"https:\/\/www.europesays.com\/at\/wp-json\/wp\/v2\/types\/post"}],"author":[{"embeddable":true,"href":"https:\/\/www.europesays.com\/at\/wp-json\/wp\/v2\/users\/2"}],"replies":[{"embeddable":true,"href":"https:\/\/www.europesays.com\/at\/wp-json\/wp\/v2\/comments?post=371023"}],"version-history":[{"count":0,"href":"https:\/\/www.europesays.com\/at\/wp-json\/wp\/v2\/posts\/371023\/revisions"}],"wp:featuredmedia":[{"embeddable":true,"href":"https:\/\/www.europesays.com\/at\/wp-json\/wp\/v2\/media\/371024"}],"wp:attachment":[{"href":"https:\/\/www.europesays.com\/at\/wp-json\/wp\/v2\/media?parent=371023"}],"wp:term":[{"taxonomy":"category","embeddable":true,"href":"https:\/\/www.europesays.com\/at\/wp-json\/wp\/v2\/categories?post=371023"},{"taxonomy":"post_tag","embeddable":true,"href":"https:\/\/www.europesays.com\/at\/wp-json\/wp\/v2\/tags?post=371023"}],"curies":[{"name":"wp","href":"https:\/\/api.w.org\/{rel}","templated":true}]}}