{"id":371029,"date":"2026-09-02T15:32:08","date_gmt":"2026-09-02T15:32:08","guid":{"rendered":"https:\/\/www.europesays.com\/at\/371029\/"},"modified":"2026-09-02T15:32:08","modified_gmt":"2026-09-02T15:32:08","slug":"eroeffnung-im-mai-2027-ausstellung-von-ai-weiwei-auf-berliner-museumsinsel-geplant-2","status":"publish","type":"post","link":"https:\/\/www.europesays.com\/at\/371029\/","title":{"rendered":"Er\u00f6ffnung im Mai 2027: Ausstellung von Ai Weiwei auf Berliner Museumsinsel geplant"},"content":{"rendered":"<p class=\"tspBAkv tspBAkw\">Der <a href=\"https:\/\/www.tagesspiegel.de\/kultur\/gibt-es-fur-die-kultur-mehr-geld-vom-bund-berlin-hofft-auf-ein-starkeres-engagement-15949375.html?icid=in-text-link_16009863\" class=\"link link--internal\" data-gtm-class=\"article-text-link\" data-gtm-val=\"internal\" rel=\"nofollow noopener\" target=\"_blank\">K\u00fcnstler Ai Weiwei (69)<\/a> bekommt im n\u00e4chsten Jahr eine Ausstellung auf der Berliner Museumsinsel. Im Bode-Museum werde er sich mit der Sammlung des Hauses auseinandersetzen, k\u00fcndigte die Stiftung Preu\u00dfischer Kulturbesitz an. Die Ausstellung soll Anfang Mai 2027 \u00f6ffnen, etwa zwei Wochen vor seinem 70. Geburtstag. Es soll um Fragen nach Macht und Widerstand, Zugeh\u00f6rigkeit und Ausgrenzung gehen, wie <a href=\"https:\/\/www.tagesspiegel.de\/kultur\/hartmut-dorgerloh-uber-das-humboldt-forum-es-gibt-keine-deutsche-kultur-ohne-europa-15673563.html?icid=in-text-link_16009863\" class=\"link link--internal\" data-gtm-class=\"article-text-link\" data-gtm-val=\"internal\" rel=\"nofollow noopener\" target=\"_blank\">Stiftungspr\u00e4sidentin Marion Ackermann<\/a> sagte.<\/p>\n<p class=\"tspBAkv\">Das Bode-Museum beherbergt die Skulpturensammlung, das Museum f\u00fcr Byzantinische Kunst und das M\u00fcnzkabinett. Bis Anfang Oktober wird dort auch noch ein Portr\u00e4t von Ex-Kanzlerin Angela Merkel ausgestellt, das viele Besucherinnen und Besucher anzieht.<\/p>\n<p class=\"tspBAkv\">Ai Weiwei sei vor zwei Jahren von ihnen eingeladen worden, sich mit dem Bode-Museum und seinen Exponaten auseinanderzusetzen, sagte Museumsdirektorin Antje Scherner. F\u00fcr die Ausstellung habe er etwa 100 k\u00fcnstlerische Positionen ausgew\u00e4hlt, darunter bekannte Schl\u00fcsselwerke, neu geschaffene Werke und Objekte aus seiner Privatsammlung.<\/p>\n<p class=\"tspBAkv\">Der chinesische K\u00fcnstler hatte sein Land verlassen, weil er dort politisch verfolgt wurde, und lebt seit mehreren Jahren in Europa. Mit seinen Ansichten macht er immer wieder Schlagzeilen. So hatte er etwa auch westlichen L\u00e4ndern Einschr\u00e4nkung der Meinungsfreiheit vorgeworfen und die Bundesregierung f\u00fcr ihre Haltung im Gaza-Krieg kritisiert.<\/p>\n<p> Was die Museen n\u00e4chstes Jahr noch planen <\/p>\n<p class=\"tspBAkv\">Die Staatlichen Museen zu Berlin stellten am Mittwoch ihr Programm f\u00fcr das kommende Jahr vor. Im Juni 2027 soll der erste Teil des Pergamonmuseums wieder er\u00f6ffnen und der Pergamonaltar wieder zu sehen sein. Die Sanierung des restlichen Geb\u00e4udes wird noch ein Jahrzehnt dauern.<\/p>\n<p class=\"tspBAkv\">Die Neue Nationalgalerie plant eine Retrospektive der K\u00fcnstlerin Katharina Sieverding (84), der Hamburger Bahnhof widmet sich den Lichtskulpturen des US-Amerikaners James Turrell (83) und K\u00fcnstler Jonathan Meese (56) soll am Kulturforum einen \u201eBuchvulkan\u201c installieren. Die Gem\u00e4ldegalerie schaut auf den englischen Maler Thomas Gainsborough, dessen 300. Geburtstag im kommenden Jahr gefeiert wird. \u201eWir werden vermutlich die bedeutendste Ausstellung auf dem europ\u00e4ischen Festland dazu zeigen\u201c, sagte Ackermann.<\/p>\n<p>Mehr zum Thema:<a href=\"https:\/\/www.tagesspiegel.de\/kultur\/gibt-es-fur-die-kultur-mehr-geld-vom-bund-berlin-hofft-auf-ein-starkeres-engagement-15949375.html?icid=topic-list_16009863___\" data-gtm-class=\"article-mzt-link\" data-hydrate-fingerprint=\"09740a54944caac75fd2c0c63fd5c5df\" data-hydrate-props=\"{&amp;escapedquot;element&amp;escapedquot;:{&amp;escapedquot;type&amp;escapedquot;:&amp;escapedquot;relatedContent&amp;escapedquot;,&amp;escapedquot;fieldMap&amp;escapedquot;:{},&amp;escapedquot;relation&amp;escapedquot;:{&amp;escapedquot;fields&amp;escapedquot;:{&amp;escapedquot;isPaid&amp;escapedquot;:true},&amp;escapedquot;href&amp;escapedquot;:&amp;escapedquot;\/kultur\/gibt-es-fur-die-kultur-mehr-geld-vom-bund-berlin-hofft-auf-ein-starkeres-engagement-15949375.html&amp;escapedquot;,&amp;escapedquot;teaserTitle&amp;escapedquot;:{&amp;escapedquot;kicker&amp;escapedquot;:&amp;escapedquot;Gibt es f\u00fcr die Kultur mehr Geld vom Bund?&amp;escapedquot;,&amp;escapedquot;headline&amp;escapedquot;:&amp;escapedquot;Berlin hofft auf ein st\u00e4rkeres Engagement&amp;escapedquot;},&amp;escapedquot;id&amp;escapedquot;:&amp;escapedquot;15949375&amp;escapedquot;,&amp;escapedquot;type&amp;escapedquot;:&amp;escapedquot;story&amp;escapedquot;},&amp;escapedquot;isPartOfList&amp;escapedquot;:true,&amp;escapedquot;topicListType&amp;escapedquot;:&amp;escapedquot;topic-list&amp;escapedquot;},&amp;escapedquot;showArrow&amp;escapedquot;:true}\" data-hydrate-slots=\"{&#039;default&#039;:[]}\" class=\"tspB8oe tspB7oc\" rel=\"nofollow noopener\" target=\"_blank\">Gibt es f\u00fcr die Kultur mehr Geld vom Bund? Berlin hofft auf ein st\u00e4rkeres Engagement <\/a><a href=\"https:\/\/www.tagesspiegel.de\/themenspeziale\/unterwegsundfreizeit\/das-licht-von-le-havre-wo-claude-monet-den-impressionismus-erfand-15526749.html?icid=topic-list_16009863___\" data-gtm-class=\"article-mzt-link\" data-hydrate-fingerprint=\"09740a54944caac75fd2c0c63fd5c5df\" data-hydrate-props=\"{&amp;escapedquot;element&amp;escapedquot;:{&amp;escapedquot;type&amp;escapedquot;:&amp;escapedquot;relatedContent&amp;escapedquot;,&amp;escapedquot;fieldMap&amp;escapedquot;:{},&amp;escapedquot;relation&amp;escapedquot;:{&amp;escapedquot;fields&amp;escapedquot;:{&amp;escapedquot;isPaid&amp;escapedquot;:true},&amp;escapedquot;href&amp;escapedquot;:&amp;escapedquot;\/themenspeziale\/unterwegsundfreizeit\/das-licht-von-le-havre-wo-claude-monet-den-impressionismus-erfand-15526749.html&amp;escapedquot;,&amp;escapedquot;teaserTitle&amp;escapedquot;:{&amp;escapedquot;kicker&amp;escapedquot;:&amp;escapedquot;Das Licht von Le Havre &amp;escapedquot;,&amp;escapedquot;headline&amp;escapedquot;:&amp;escapedquot;Wo Claude Monet den Impressionismus erfand&amp;escapedquot;},&amp;escapedquot;id&amp;escapedquot;:&amp;escapedquot;15526749&amp;escapedquot;,&amp;escapedquot;type&amp;escapedquot;:&amp;escapedquot;story&amp;escapedquot;},&amp;escapedquot;isPartOfList&amp;escapedquot;:true,&amp;escapedquot;topicListType&amp;escapedquot;:&amp;escapedquot;topic-list&amp;escapedquot;},&amp;escapedquot;showArrow&amp;escapedquot;:true}\" data-hydrate-slots=\"{&#039;default&#039;:[]}\" class=\"tspB8oe tspB7oc\" rel=\"nofollow noopener\" target=\"_blank\">Das Licht von Le Havre  Wo Claude Monet den Impressionismus erfand <\/a><a href=\"https:\/\/www.tagesspiegel.de\/berlin\/bezirke\/pankow\/erfolgreicher-buchladen-in-prenzlauer-berg-ich-bin-nicht-der-typische-murrische-antiquar-14175572.html?icid=topic-list_16009863___\" data-gtm-class=\"article-mzt-link\" data-hydrate-fingerprint=\"09740a54944caac75fd2c0c63fd5c5df\" data-hydrate-props=\"{&amp;escapedquot;element&amp;escapedquot;:{&amp;escapedquot;type&amp;escapedquot;:&amp;escapedquot;relatedContent&amp;escapedquot;,&amp;escapedquot;fieldMap&amp;escapedquot;:{},&amp;escapedquot;relation&amp;escapedquot;:{&amp;escapedquot;fields&amp;escapedquot;:{&amp;escapedquot;isPaid&amp;escapedquot;:true},&amp;escapedquot;href&amp;escapedquot;:&amp;escapedquot;\/berlin\/bezirke\/pankow\/erfolgreicher-buchladen-in-prenzlauer-berg-ich-bin-nicht-der-typische-murrische-antiquar-14175572.html&amp;escapedquot;,&amp;escapedquot;teaserTitle&amp;escapedquot;:{&amp;escapedquot;kicker&amp;escapedquot;:&amp;escapedquot;Erfolgreicher Buchladen in Prenzlauer Berg&amp;escapedquot;,&amp;escapedquot;headline&amp;escapedquot;:&amp;escapedquot;\u201eIch bin nicht der typische, m\u00fcrrische Antiquar\u201c&amp;escapedquot;},&amp;escapedquot;id&amp;escapedquot;:&amp;escapedquot;14175572&amp;escapedquot;,&amp;escapedquot;type&amp;escapedquot;:&amp;escapedquot;story&amp;escapedquot;},&amp;escapedquot;isPartOfList&amp;escapedquot;:true,&amp;escapedquot;topicListType&amp;escapedquot;:&amp;escapedquot;topic-list&amp;escapedquot;},&amp;escapedquot;showArrow&amp;escapedquot;:true}\" data-hydrate-slots=\"{&#039;default&#039;:[]}\" class=\"tspB8oe tspB7oc\" rel=\"nofollow noopener\" target=\"_blank\">Erfolgreicher Buchladen in Prenzlauer Berg \u201eIch bin nicht der typische, m\u00fcrrische Antiquar\u201c <\/a><\/p>\n<p class=\"tspBAkv\">Die Alte Nationalgalerie widmet sich dem Schweizer Maler Arnold B\u00f6cklin, der vor 200 Jahren geboren wurde. Erstmals w\u00fcrden vier erhaltene Fassungen seines ber\u00fchmten Motivs der \u201eToteninsel\u201c aus Basel, Berlin, Leipzig und New York zusammen gezeigt, hie\u00df es. Im Programm der Museen stehen etwa auch eine Ausstellung zu Lucas Cranach dem \u00c4lteren und eine Kinderbiennale. (dpa)<\/p>\n","protected":false},"excerpt":{"rendered":"Der K\u00fcnstler Ai Weiwei (69) bekommt im n\u00e4chsten Jahr eine Ausstellung auf der Berliner Museumsinsel. Im Bode-Museum werde&hellip;\n","protected":false},"author":2,"featured_media":371030,"comment_status":"","ping_status":"","sticky":false,"template":"","format":"standard","meta":{"footnotes":"","_share_on_mastodon":"0"},"categories":[26],"tags":[39432,2839,158,157,46,42,159,147,2019,161,9305,160,51221,44,148],"class_list":["post-371029","post","type-post","status-publish","format-standard","has-post-thumbnail","category-kunst-und-design","tag-ai-weiwei","tag-angela-merkel","tag-art","tag-art-and-design","tag-at","tag-austria","tag-design","tag-entertainment","tag-gazastreifen","tag-kunst","tag-kunst-in-berlin","tag-kunst-und-design","tag-museumsinsel","tag-oesterreich","tag-unterhaltung"],"share_on_mastodon":{"url":"https:\/\/pubeurope.com\/@at\/117202173845750913","error":""},"_links":{"self":[{"href":"https:\/\/www.europesays.com\/at\/wp-json\/wp\/v2\/posts\/371029","targetHints":{"allow":["GET"]}}],"collection":[{"href":"https:\/\/www.europesays.com\/at\/wp-json\/wp\/v2\/posts"}],"about":[{"href":"https:\/\/www.europesays.com\/at\/wp-json\/wp\/v2\/types\/post"}],"author":[{"embeddable":true,"href":"https:\/\/www.europesays.com\/at\/wp-json\/wp\/v2\/users\/2"}],"replies":[{"embeddable":true,"href":"https:\/\/www.europesays.com\/at\/wp-json\/wp\/v2\/comments?post=371029"}],"version-history":[{"count":0,"href":"https:\/\/www.europesays.com\/at\/wp-json\/wp\/v2\/posts\/371029\/revisions"}],"wp:featuredmedia":[{"embeddable":true,"href":"https:\/\/www.europesays.com\/at\/wp-json\/wp\/v2\/media\/371030"}],"wp:attachment":[{"href":"https:\/\/www.europesays.com\/at\/wp-json\/wp\/v2\/media?parent=371029"}],"wp:term":[{"taxonomy":"category","embeddable":true,"href":"https:\/\/www.europesays.com\/at\/wp-json\/wp\/v2\/categories?post=371029"},{"taxonomy":"post_tag","embeddable":true,"href":"https:\/\/www.europesays.com\/at\/wp-json\/wp\/v2\/tags?post=371029"}],"curies":[{"name":"wp","href":"https:\/\/api.w.org\/{rel}","templated":true}]}}