{"id":371079,"date":"2026-09-02T16:05:16","date_gmt":"2026-09-02T16:05:16","guid":{"rendered":"https:\/\/www.europesays.com\/at\/371079\/"},"modified":"2026-09-02T16:05:16","modified_gmt":"2026-09-02T16:05:16","slug":"chl-red-bull-salzburg-kann-morgen-wieder-auf-seinen-kapitaen-zaehlen-hockey-news-info","status":"publish","type":"post","link":"https:\/\/www.europesays.com\/at\/371079\/","title":{"rendered":"CHL: Red Bull Salzburg kann morgen wieder auf seinen Kapit\u00e4n z\u00e4hlen! &#8211; Hockey-News.info"},"content":{"rendered":"<p style=\"text-align: justify;\">Der EC Red Bull Salzburg<br \/>\nbestreitet am Donnerstag in der CHL das erste Spiel der neuen<br \/>\nSaison und erwartet die K\u00f6lner Haie in der Eisarena Salzburg (19:15<br \/>\nUhr, Livestream). Es ist das erste von zwei Heimspielen, am Samstag<br \/>\ngastiert Liberec in Salzburg.<\/p>\n<p><a href=\"https:\/\/app.hockey-news.info\/\" rel=\"nofollow noopener\" target=\"_blank\"><img decoding=\"async\" src=\"https:\/\/www.europesays.com\/at\/wp-content\/uploads\/2026\/09\/1788365114_527_HN-APP-NEU.jpg\" alt=\"\"\/><\/a><\/p>\n<p><a href=\"https:\/\/www.hockey-news.info\/frisch-gelauncht-folgt-unserem-whatsapp-channel\/\" rel=\"nofollow noopener\" target=\"_blank\"><br \/>\n<img decoding=\"async\" src=\"https:\/\/www.europesays.com\/at\/wp-content\/uploads\/2026\/09\/1788365115_499_Hockey-News-Whatsapp-Banner.png\" alt=\"\"\/><\/a><\/p>\n<p>Ausgangslage<\/p>\n<p style=\"text-align: justify;\">Zun\u00e4chst gilt der Fokus aber nur<br \/>\ndem Auftaktspiel, das mit den K\u00f6lner Haien gleich den ersten<br \/>\nstarken Gegner nach Salzburg bringt. Die Rheinl\u00e4nder hatten in der<br \/>\nletzten Saison die DEL-Hauptrunde \u00fcberlegen gewonnen, sind dann<br \/>\nsp\u00e4ter im Halbfinale ausgeschieden. Jetzt kommt der zweifache<br \/>\nDEL-Champion (1994\/95 und 2002) und insgesamt achtfache deutsche<br \/>\nMeister nach Salzburg und fordert erstmals die Red Bulls in der CHL<br \/>\nheraus.<\/p>\n<p style=\"text-align: justify;\">In der europ\u00e4ischen K\u00f6nigsklasse<br \/>\nsind die K\u00f6lner Haie erst zum zweiten Mal vertreten. Bei der<br \/>\nPremieren-Saison der CHL 2014\/15 war nach der Gruppenphase \u2013 damals<br \/>\nwurde die Vorrunde in Vierergruppen gespielt \u2013 mit zwei Siegen und<br \/>\nvier Niederlagen Endstation. F\u00fcr die Red Bulls ist es die elfte<br \/>\nCHL-Saison, im letzten Jahr erreichten sie das Achtelfinale.<\/p>\n<p>Red Bulls bereit f\u00fcr die K\u00f6lner<br \/>\nHaie<\/p>\n<p style=\"text-align: justify;\">Nach vier Spielen in der Pre-Season<br \/>\nerfolgt nun also der scharfe Start in die neue Saison. Die Red<br \/>\nBulls haben nach dem letztj\u00e4hrigen Viertelfinal-Aus in der<br \/>\nheimischen Meisterschaft und einem langen Sommer mit intensiver<br \/>\nVorbereitung viele neue Spieler ins Team integriert, die von einem<br \/>\nneuen Head Coach \u2013 Alan Letang \u2013 in die Saison 2026\/27 gef\u00fchrt<br \/>\nwerden. Besonders bei den beiden Spielen beim Red Bulls Salute vor<br \/>\nknapp zwei Wochen in Zell am See haben die Salzburger bereits ihren<br \/>\nCharakter gezeigt und sich der Performance schon stark angen\u00e4hert,<br \/>\ndie ihr Spiel unter der neuen Trainerriege pr\u00e4gen soll. Gegen die<br \/>\nK\u00f6lner Haie wollen sich die Red Bulls weiter steigern, sind sich<br \/>\naber der gro\u00dfen Aufgabe, die mit dem deutschen Hauptrundensieger<br \/>\nder letzten DEL-Saison auf sie zukommt, bewusst.<\/p>\n<p>Duell der \u201aAltmeister\u2018<\/p>\n<p style=\"text-align: justify;\">Was den Red Bulls Thomas Raffl, ist<br \/>\nden K\u00f6lnern Moritz M\u00fcller. Der 39-j\u00e4hrige Verteidiger geht mit den<br \/>\nHaien in seine 24. DEL-Saison (!), davon die letzten acht Jahre als<br \/>\nKapit\u00e4n. Im Moment h\u00e4lt er bei 1.183 DEL-Spielen, was nur noch von<br \/>\nseinem fr\u00fcheren Teamkollegen Mirko L\u00fcdemann, der vor zehn Jahren<br \/>\nmit 1.197 Spielen seine Karriere beendet hat, \u00fcbertroffen wird. Zum<br \/>\nVergleich: Thomas Raffl, der 40-j\u00e4hrige Kapit\u00e4n der Red Bulls, h\u00e4lt<br \/>\nim Moment bei 1.017 Ligaspielen. Nur \u00fcbertroffen vom ehemaligen<br \/>\nTeamkollegen Thomas Koch, der seine Karriere vor drei Jahren<br \/>\nbeendet hat.<\/p>\n<p>Personalsituation<\/p>\n<p style=\"text-align: justify;\">Der Kapit\u00e4n der Red Bulls, Thomas<br \/>\nRaffl, ist wieder fit und wird am Donnerstag sein erstes<br \/>\nSaisonspiel bestreiten, nachdem er aufgrund einer Verletzung alle<br \/>\nPre-Season-Spiele verpasst hat. Nicht im Aufgebot stehen Fabian<br \/>\nBaumann (krank) und Florian Baltram (Unterk\u00f6rperverletzung).<\/p>\n<p>Statement Thomas Raffl<\/p>\n<p style=\"text-align: justify;\">\u201eWir wollen die bestm\u00f6gliche<br \/>\nLeistung zeigen. Vielleicht ist es sogar von Vorteil, gleich zu<br \/>\nBeginn solche hochkar\u00e4tigen Mannschaften als Gegner zu bekommen,<br \/>\nweil man gleich mit dem richtigen Respekt ins Spiel startet. Und<br \/>\nwir uns darauf konzentrieren m\u00fcssen, die Grundlagen unseres Systems<br \/>\nvon Anfang an richtig auszuf\u00fchren. In der CHL haben wir in den<br \/>\nletzten zehn Jahren die Erfahrung gemacht, dass jede Mannschaft<br \/>\ngutes Eishockey spielt. Das ist mit den K\u00f6lner Haien nicht anders.<br \/>\nWenn wir unser A-Game aufs bringen, haben wir aber auch in jedem<br \/>\nSpiel eine Chance.\u201c<\/p>\n<p style=\"text-align: justify;\">Champions Hockey<br \/>\nLeague<br \/>EC Red Bull Salzburg \u2013 K\u00f6lner Haie<br \/>Do, 03.09.2026 | Eisarena Salzburg, 19:15 Uhr<br \/>Sporteurope.tv<\/p>\n<p>CHL | Regular Season der Red<br \/>\nBulls<\/p>\n<p style=\"text-align: justify;\">Do, 03.09.2026 | EC Red Bull<br \/>\nSalzburg vs. K\u00f6lner Haie | 19:15<br \/>Sa, 05.09.2026 | EC Red Bull Salzburg vs. B\u00edl\u00ed Tygri Liberec |<br \/>\n19:15<br \/>Fr, 11.09.2026 | V\u00e4xj\u00f6 Lakers vs. EC Red Bull Salzburg | 19:00<br \/>So, 13.09.2026 | R\u00f6gle \u00c4ngelholm vs. EC Red Bull Salzburg |<br \/>\n15:00<br \/>Mi, 07.10.2026 | EC Red Bull Salzburg vs. Eisb\u00e4ren Berlin |<br \/>\n20:20<br \/>Di, 13.10.2026 | Skellefte\u00e5 AIK vs. EC Red Bull Salzburg |<br \/>\n19:00<\/p>\n<p style=\"text-align: justify;\">ecrbs.redbulls.com , Bild: GEPA pictures\/<br \/>\nGintare Karpaviciute<\/p>\n<p>\n\u00c4hnliche<br \/>\nBeitr\u00e4ge\n<\/p>\n<p><img decoding=\"async\" src=\"https:\/\/www.europesays.com\/at\/wp-content\/uploads\/2026\/09\/1788365116_842_Hockey-News_Logo_weiss_klein-5.png\"\/><\/p>\n","protected":false},"excerpt":{"rendered":"Der EC Red Bull Salzburg bestreitet am Donnerstag in der CHL das erste Spiel der neuen Saison und&hellip;\n","protected":false},"author":2,"featured_media":371080,"comment_status":"","ping_status":"","sticky":false,"template":"","format":"standard","meta":{"footnotes":"","_share_on_mastodon":"0"},"categories":[31],"tags":[46,42,55729,1408,1409,44,192],"class_list":["post-371079","post","type-post","status-publish","format-standard","has-post-thumbnail","category-salzburg","tag-at","tag-austria","tag-chl","tag-featured","tag-icehl","tag-oesterreich","tag-salzburg"],"share_on_mastodon":{"url":"https:\/\/pubeurope.com\/@at\/117202304163856432","error":""},"_links":{"self":[{"href":"https:\/\/www.europesays.com\/at\/wp-json\/wp\/v2\/posts\/371079","targetHints":{"allow":["GET"]}}],"collection":[{"href":"https:\/\/www.europesays.com\/at\/wp-json\/wp\/v2\/posts"}],"about":[{"href":"https:\/\/www.europesays.com\/at\/wp-json\/wp\/v2\/types\/post"}],"author":[{"embeddable":true,"href":"https:\/\/www.europesays.com\/at\/wp-json\/wp\/v2\/users\/2"}],"replies":[{"embeddable":true,"href":"https:\/\/www.europesays.com\/at\/wp-json\/wp\/v2\/comments?post=371079"}],"version-history":[{"count":0,"href":"https:\/\/www.europesays.com\/at\/wp-json\/wp\/v2\/posts\/371079\/revisions"}],"wp:featuredmedia":[{"embeddable":true,"href":"https:\/\/www.europesays.com\/at\/wp-json\/wp\/v2\/media\/371080"}],"wp:attachment":[{"href":"https:\/\/www.europesays.com\/at\/wp-json\/wp\/v2\/media?parent=371079"}],"wp:term":[{"taxonomy":"category","embeddable":true,"href":"https:\/\/www.europesays.com\/at\/wp-json\/wp\/v2\/categories?post=371079"},{"taxonomy":"post_tag","embeddable":true,"href":"https:\/\/www.europesays.com\/at\/wp-json\/wp\/v2\/tags?post=371079"}],"curies":[{"name":"wp","href":"https:\/\/api.w.org\/{rel}","templated":true}]}}