{"id":371120,"date":"2026-09-02T16:31:12","date_gmt":"2026-09-02T16:31:12","guid":{"rendered":"https:\/\/www.europesays.com\/at\/371120\/"},"modified":"2026-09-02T16:31:12","modified_gmt":"2026-09-02T16:31:12","slug":"festival-von-lukas-podolski-gluecksgefuehle-streicht-alphaville-aus-line-up","status":"publish","type":"post","link":"https:\/\/www.europesays.com\/at\/371120\/","title":{"rendered":"Festival von Lukas Podolski: Gl\u00fccksgef\u00fchle streicht Alphaville aus Line-up"},"content":{"rendered":"<p>&#8222;Keine politischen \u00c4u\u00dferungen jeglicher Art&#8220; <\/p>\n<p>Podolskis Festival streicht Popstars aus Line-up<\/p>\n<p>02.09.2026 &#8211; 16:15 UhrLesedauer: 3 Min.<\/p>\n<p><a href=\"#focus-0\" class=\"transition-colors block text-current relative\" data-sctrack=\"FocusGalleryImage.Reference\"><img fetchpriority=\"high\" data-testid=\"Opener.Image\"   loading=\"eager\" src=\"https:\/\/www.europesays.com\/at\/wp-content\/uploads\/2026\/09\/1788366670_48_image.jpg\" alt=\"29.08.2026, GER Deutschland, Bautz Festival 2026 \/ Alphaville auf dem Bautz Festival *** August 29, 2026, GER Germany, Bautz Festival 2026: Alphaville at the Bautz Festival Copyright: xnordphotoxGmbHx\/xChristianxSchulzex\" title=\"29.08.2026, GER Deutschland, Bautz Festival 2026 \/ Alphaville auf dem Bautz Festival *** August 29, 2026, GER Germany, Bautz Festival 2026: Alphaville at the Bautz Festival Copyright: xnordphotoxGmbHx\/xChristianxSchulzex\" width=\"4405\" height=\"2478\" class=\"bg-[url:var(--lqipURL)] bg-cover bg-center flex h-full w-full max-w-full\" style=\"--lqipURL:url('https:\/\/images.t-online.de\/2026\/09\/2NM2aC-G-Jgo\/0x162:4405x2478\/fit-in\/150x0\/filters:blur(25)\/image.jpg')\" decoding=\"async\"\/><img loading=\"lazy\" src=\"https:\/\/koeln.t-online.de\/s\/paper\/_next\/static\/media\/zoom-in.f7dae02f.svg\" alt=\"Vergr\u00f6\u00dfern des Bildes\" title=\"Vergr\u00f6\u00dfern des Bildes\" class=\"block h-[calc(var(--height)_\/_16_*_1rem)] w-[calc(var(--width)_\/_16_*_1rem)] max-w-none absolute right-8 bottom-8 rounded-4 bg-snow p-8\" style=\"--width:32;--height:32\" decoding=\"async\"\/><\/a><\/p>\n<p>Alphaville-Fronts\u00e4nger Marian Gold: Die Band tritt nicht auf dem Gl\u00fccksgef\u00fchle-Festival auf. (Quelle: IMAGO\/nordphoto GmbH \/ Christian Schulze)<\/p>\n<p><img loading=\"lazy\" src=\"https:\/\/koeln.t-online.de\/s\/paper\/_next\/static\/media\/audio-volume.6689034c.svg\" alt=\"\" title=\"\" class=\"block h-[calc(var(--height)_\/_16_*_1rem)] w-[calc(var(--width)_\/_16_*_1rem)] max-w-none group-hover:brightness-0 group-hover:invert\" style=\"--width:16;--height:16\" decoding=\"async\"\/>Vorlesen<\/p>\n<p>Aktuelle Zeit:0:00Gesamtdauer:0:00<\/p>\n<p>1x<img loading=\"lazy\" src=\"https:\/\/koeln.t-online.de\/s\/paper\/_next\/static\/media\/font-sizes.32942e33.svg\" alt=\"\" title=\"\" class=\"block h-[calc(var(--height)_\/_16_*_1rem)] w-[calc(var(--width)_\/_16_*_1rem)] max-w-none group-hover:hidden group-aria-expanded:hidden\" style=\"--width:16;--height:16\" decoding=\"async\"\/><img loading=\"lazy\" src=\"https:\/\/koeln.t-online.de\/s\/paper\/_next\/static\/media\/font-sizes-dark-mode.e382645c.svg\" alt=\"\" title=\"\" class=\"block h-[calc(var(--height)_\/_16_*_1rem)] w-[calc(var(--width)_\/_16_*_1rem)] max-w-none hidden group-hover:block group-aria-expanded:block\" style=\"--width:16;--height:16\" decoding=\"async\"\/><img loading=\"lazy\" src=\"https:\/\/koeln.t-online.de\/s\/paper\/_next\/static\/media\/sharing-menu-icon.1eb71368.svg\" alt=\"\" title=\"\" class=\"block h-[calc(var(--height)_\/_16_*_1rem)] w-[calc(var(--width)_\/_16_*_1rem)] max-w-none group-hover:brightness-0 group-hover:invert\" style=\"--width:16;--height:16\" decoding=\"async\"\/>Artikel teilen<\/p>\n<p class=\"font-bold text-18 leading-17 user-text-lg:text-22 user-text-xl:text-24\">Das Gl\u00fccksgef\u00fchle-Festival am Hockenheimring sagt den Auftritt von Alphaville ab. Der Grund: Politische \u00c4u\u00dferungen seien nicht geduldet. Die Band kritisiert das scharf.<\/p>\n<p class=\"text-18 leading-17 user-text-lg:text-22 user-text-xl:text-24\"><a href=\"https:\/\/koeln.t-online.de\/region\/koeln\/id_101068792\/lukas-podolski-doener-firma-mangal-verklagt-stadt-koeln-wie-es-weitergeht.html\" class=\"transition-colors cursor-pointer no-underline md:hover:text-magenta md:focus:text-magenta border-b border-solid border-current text-salemsfur md:hover:border-magenta\" data-tracking=\"{&quot;action&quot;:&quot;click&quot;,&quot;category&quot;:&quot;intextLink&quot;,&quot;label&quot;:&quot;\/region\/koeln\/id_101068792\/lukas-podolski-doener-firma-mangal-verklagt-stadt-koeln-wie-es-weitergeht.html&quot;}\" data-sctrack=\"BodyAnchor\" rel=\"nofollow noopener\" target=\"_blank\">Das Gl\u00fccksgef\u00fchle-Festival von Lukas Podolski<\/a> und Markus Krampe hat den geplanten Auftritt von Alphaville am Hockenheimring abgesagt. Als Grund nennt der Veranstalter politische \u00c4u\u00dferungen der Band.<\/p>\n<p class=\"text-18 leading-17 user-text-lg:text-22 user-text-xl:text-24\">Zwischen Festival-Veranstalter Krampe und Alphaville hatte es bereits zuvor Differenzen gegeben. Beim &#8222;Die 80er live&#8220;-Festival in Hamburg hatte sich S\u00e4nger Marian Gold auf der B\u00fchne gegen Rechts und Parteien, etwa die AfD, ausgesprochen. Zudem wehrt sich Gold dagegen, dass rechte Parteien oder Politiker wie Donald Trump Alphaville-Songs f\u00fcr Kampagnen nutzen.<\/p>\n<p>FC-Legende: <a href=\"https:\/\/koeln.t-online.de\/region\/koeln\/id_101283858\/koeln-lukas-podolski-schliesst-bundestrainer-job-nicht-aus.html\" class=\"transition-colors cursor-pointer no-underline md:hover:text-magenta md:focus:text-magenta border-b border-solid border-current text-salemsfur md:hover:border-magenta\" data-tracking=\"{&quot;action&quot;:&quot;click&quot;,&quot;category&quot;:&quot;intextLink&quot;,&quot;label&quot;:&quot;\/region\/koeln\/id_101283858\/koeln-lukas-podolski-schliesst-bundestrainer-job-nicht-aus.html&quot;}\" data-sctrack=\"BodyAnchor\" rel=\"nofollow noopener\" target=\"_blank\">Lukas Podolski schlie\u00dft Bundestrainer-Job nicht aus<\/a><\/p>\n<p>Alphaville kritisiert Absage scharf: &#8222;Maulkorberlass&#8220;<\/p>\n<p class=\"text-18 leading-17 user-text-lg:text-22 user-text-xl:text-24\">Alphaville reagierte mit scharfer Kritik auf die Absage. Der Veranstalter habe der Band mitgeteilt, dass er &#8222;keine politischen Themen oder \u00c4u\u00dferungen jeglicher Art&#8220; auf seiner B\u00fchne dulde. Deshalb wolle er von einem Auftritt Alphavilles beim Gl\u00fccksgef\u00fchle-Festival Abstand nehmen.<\/p>\n<p class=\"text-18 leading-17 user-text-lg:text-22 user-text-xl:text-24\">Die Band sieht darin einen unzul\u00e4ssigen Eingriff in ihre Freiheit als K\u00fcnstler. Die Begr\u00fcndung gleiche aus ihrer Sicht einem &#8222;Maulkorberlass&#8220;, wie man ihn aus Diktaturen kenne. Eine solche Einschr\u00e4nkung der Meinungs-, Rede- und Kunstfreiheit auf einem der gr\u00f6\u00dften Popfestivals Deutschlands sei f\u00fcr Alphaville &#8222;absolut untragbar und ersch\u00fctternd&#8220;.<\/p>\n<p class=\"text-18 leading-17 user-text-lg:text-22 user-text-xl:text-24\">Die Musiker erkl\u00e4rten zudem, Meinungsfreiheit, Toleranz und Demokratie seien f\u00fcr sie weiterhin hohe G\u00fcter. K\u00fcnstlerinnen und K\u00fcnstler m\u00fcssten diese mit legalen Mitteln verteidigen. Alphaville k\u00fcndigte an, sich auch k\u00fcnftig f\u00fcr Freiheit, Toleranz und Demokratie einzusetzen.<\/p>\n<p>Veranstalter weist Vorw\u00fcrfe von Alphaville zur\u00fcck<\/p>\n<p class=\"text-18 leading-17 user-text-lg:text-22 user-text-xl:text-24\">Festival-Veranstalter Markus Krampe widersprach der Darstellung. &#8222;Das Verhalten von Alphaville und Marian Gold ist inakzeptabel. Wir lassen uns nicht in irgendeine politische Ecke dr\u00e4ngen und werden uns hier mit allen Mitteln wehren&#8220;, sagte Krampe der &#8222;Bild&#8220;.<\/p>\n<p class=\"text-18 leading-17 user-text-lg:text-22 user-text-xl:text-24\">Das Gl\u00fccksgef\u00fchle-Festival sei nach seinen Angaben &#8222;komplett unpolitisch&#8220;. Dies gelte unabh\u00e4ngig von der jeweiligen politischen Richtung. Alphaville sei in diesem Jahr bereits bei zwei anderen Veranstaltungen seines Unternehmens aufgetreten. Nach politischen \u00c4u\u00dferungen beim ersten Auftritt habe der Veranstalter vor dem n\u00e4chsten Konzert darauf hingewiesen, dass solche Aussagen auf seinen B\u00fchnen nicht erw\u00fcnscht seien.<\/p>\n<p><a href=\"#focus-1\" class=\"transition-colors block text-current relative\" data-sctrack=\"FocusGalleryImage.Reference\"><img   loading=\"lazy\" src=\"https:\/\/www.europesays.com\/at\/wp-content\/uploads\/2026\/09\/lukas-podolski-und-markus-krampe-bei-der-aufzeichnung-der-wdr-talkshow-koelner-treff-im-wdr-studio-b.jpeg\" alt=\"imago images 0849719471\" title=\"imago images 0849719471\" width=\"4000\" height=\"2250\" class=\"h-full w-full max-w-full rounded-8\" decoding=\"async\"\/><img loading=\"lazy\" src=\"https:\/\/koeln.t-online.de\/s\/paper\/_next\/static\/media\/zoom-in.f7dae02f.svg\" alt=\"Vergr\u00f6\u00dfern des Bildes\" title=\"Vergr\u00f6\u00dfern des Bildes\" class=\"block h-[calc(var(--height)_\/_16_*_1rem)] w-[calc(var(--width)_\/_16_*_1rem)] max-w-none absolute right-8 bottom-8 rounded-4 bg-snow p-8\" style=\"--width:32;--height:32\" decoding=\"async\"\/>Lukas Podolski und Markus Krampe beim &#8222;K\u00f6lner Treff&#8220; (Archivbild): Sie stellen das Festival zusammen auf die Beine. (Quelle: IMAGO\/Willy C. Randerath\/imago)<\/a><\/p>\n<p class=\"text-18 leading-17 user-text-lg:text-22 user-text-xl:text-24\">Vor dem Gl\u00fccksgef\u00fchle-Festival habe man diese Vorgabe erneut deutlich gemacht. Dabei gehe es ausdr\u00fccklich nicht um die politische Haltung von Marian Gold oder Alphaville, erkl\u00e4rte Krampe. Der Veranstalter wolle vielmehr selbst festlegen, welchen Rahmen das Festival biete.<\/p>\n","protected":false},"excerpt":{"rendered":"&#8222;Keine politischen \u00c4u\u00dferungen jeglicher Art&#8220; Podolskis Festival streicht Popstars aus Line-up 02.09.2026 &#8211; 16:15 UhrLesedauer: 3 Min. Alphaville-Fronts\u00e4nger&hellip;\n","protected":false},"author":2,"featured_media":371121,"comment_status":"","ping_status":"","sticky":false,"template":"","format":"standard","meta":{"footnotes":"","_share_on_mastodon":"0"},"categories":[24],"tags":[737,80099,5120,46,42,257,147,3097,13283,180,13278,38362,13281,153,154,44,148],"class_list":["post-371120","post","type-post","status-publish","format-standard","has-post-thumbnail","category-musik","tag-737","tag-80099","tag-afd","tag-at","tag-austria","tag-deutschland","tag-entertainment","tag-festival","tag-hockenheimring","tag-koeln","tag-lukas-podolski","tag-marian-gold","tag-markus-krampe","tag-music","tag-musik","tag-oesterreich","tag-unterhaltung"],"share_on_mastodon":{"url":"https:\/\/pubeurope.com\/@at\/117202406341322680","error":""},"_links":{"self":[{"href":"https:\/\/www.europesays.com\/at\/wp-json\/wp\/v2\/posts\/371120","targetHints":{"allow":["GET"]}}],"collection":[{"href":"https:\/\/www.europesays.com\/at\/wp-json\/wp\/v2\/posts"}],"about":[{"href":"https:\/\/www.europesays.com\/at\/wp-json\/wp\/v2\/types\/post"}],"author":[{"embeddable":true,"href":"https:\/\/www.europesays.com\/at\/wp-json\/wp\/v2\/users\/2"}],"replies":[{"embeddable":true,"href":"https:\/\/www.europesays.com\/at\/wp-json\/wp\/v2\/comments?post=371120"}],"version-history":[{"count":0,"href":"https:\/\/www.europesays.com\/at\/wp-json\/wp\/v2\/posts\/371120\/revisions"}],"wp:featuredmedia":[{"embeddable":true,"href":"https:\/\/www.europesays.com\/at\/wp-json\/wp\/v2\/media\/371121"}],"wp:attachment":[{"href":"https:\/\/www.europesays.com\/at\/wp-json\/wp\/v2\/media?parent=371120"}],"wp:term":[{"taxonomy":"category","embeddable":true,"href":"https:\/\/www.europesays.com\/at\/wp-json\/wp\/v2\/categories?post=371120"},{"taxonomy":"post_tag","embeddable":true,"href":"https:\/\/www.europesays.com\/at\/wp-json\/wp\/v2\/tags?post=371120"}],"curies":[{"name":"wp","href":"https:\/\/api.w.org\/{rel}","templated":true}]}}