{"id":371210,"date":"2026-09-02T17:27:15","date_gmt":"2026-09-02T17:27:15","guid":{"rendered":"https:\/\/www.europesays.com\/at\/371210\/"},"modified":"2026-09-02T17:27:15","modified_gmt":"2026-09-02T17:27:15","slug":"jp-kraemer-staatsanwaltschaft-ermittelt-wieder-gegen-tuning-star","status":"publish","type":"post","link":"https:\/\/www.europesays.com\/at\/371210\/","title":{"rendered":"JP Kraemer: Staatsanwaltschaft ermittelt wieder gegen Tuning-Star"},"content":{"rendered":"<p>Verfahren wieder aufgenommenNach Gewaltvorw\u00fcrfen \u2013 Staatsanwaltschaft ermittelt jetzt doch gegen JP Kraemer <img alt=\"25 11 2016 News xomx Essen Motor Show 2016 Auf der Motor Show zeigen vom 26 11 bis zum 04 12 20\" fetchpriority=\"high\" width=\"940\" height=\"529\" decoding=\"async\" data-nimg=\"1\" class=\"Image_image__SdgLQ Picture_image__vGN9W\" style=\"color:transparent\"   src=\"https:\/\/www.europesays.com\/at\/wp-content\/uploads\/2026\/09\/73056ee6-aabe-419b-a32d-89d680ddee89original.webp\"\/><\/p>\n<p>Gegen Jean Pierre Kraemer wird nun doch ermittelt. Die Staatsanwaltschaft hat das Verfahren wieder aufgenommen.<\/p>\n<p>imago stock&amp;people, imago\/Jan Huebner<\/p>\n<p class=\"AnnotatedMarkup_paragraph__IUT9l\">Kehrtwende im Fall JP Kraemer.<br \/>Die juristische Aufarbeitung der Vorw\u00fcrfe gegen Jean Pierre Kraemer geht weiter. Nachdem das Verfahren zun\u00e4chst eingestellt worden war, ermittelt die Staatsanwaltschaft Dortmund jetzt wieder wegen K\u00f6rperverletzung und Sachbesch\u00e4digung.<\/p>\n<p>Darum ermittelt die Staatsanwaltschaft wieder gegen JP Kraemer<\/p>\n<p class=\"AnnotatedMarkup_paragraph__IUT9l\">Das Verfahren war vom Tisch. Jetzt besch\u00e4ftigen die Vorw\u00fcrfe gegen Jean Pierre \u201eJP\u201c Kraemer (45) die Justiz doch wieder. Wie ein Sprecher der Staatsanwaltschaft Dortmund der Deutschen Presse-Agentur best\u00e4tigt, laufen erneut Ermittlungen wegen K\u00f6rperverletzung und Sachbesch\u00e4digung. Das Ermittlungsverfahren war bereits eingestellt worden, weil seine Frau vor Ort auf einen Strafantrag verzichtet hatte und kein \u00f6ffentliches Interesse an der Strafverfolgung sah. Doch dann hatte sich f\u00fcr Ehefrau Julia Meck ein Rechtsanwalt gemeldet, Strafantrag gestellt und die Wiederaufnahme des Verfahrens beantragt.<\/p>\n<p class=\"AnnotatedMarkup_paragraph__IUT9l\">Der TV- und Youtube-Star Kraemer (Die PS-Profis) hatte die Vorw\u00fcrfe in der vergangenen Woche \u00f6ffentlich teilweise einger\u00e4umt und sich in einem weiteren Statement bei seiner Frau entschuldigt. Zuvor hatte der 45-J\u00e4hrige ihr zun\u00e4chst vorgeworfen, sie habe ihn ebenfalls geschlagen. Sie hatte gegen\u00fcber Bild gesagt, sie habe in einer Defensiv-Situation ihm auf die Brust gehauen. Das Paar hat sich getrennt und l\u00e4sst sich derzeit scheiden.<\/p>\n<p class=\"AnnotatedMarkup_paragraph__IUT9l\">Lese-Tipp: <a href=\"https:\/\/www.rtl.de\/unterhaltung\/stars\/nach-gewaltvorwuerfen-gegen-jp-kraemer-jetzt-will-er-sein-gesamtes-firmenimperium-aufgeben-id31257071.html\" target=\"_self\" rel=\"nofollow noopener\">Nach Gewaltvorw\u00fcrfen \u2013 JP Kraemer will Firmenimperium schlie\u00dfen<\/a><\/p>\n<p>Im Video: JP Kraemers Gewaltvideo bleibt nicht ohne Folgen <\/p>\n<p>02:36 min<\/p>\n<p>Gewalt gegen seine Frau<\/p>\n<p>JP Kraemers Gewaltvideo bleibt nicht ohne Folgen<\/p>\n<p>Anzeige:<\/p>\n<p>Empfehlungen unserer Partner<\/p>\n<p>Todesdrohungen gegen Julia Meck<\/p>\n<p class=\"AnnotatedMarkup_paragraph__IUT9l\">Parallel gibt es eine weitere juristische Entwicklung. Der Anwalt von Kraemers 25-j\u00e4hriger Ehefrau best\u00e4tigt, dass seine Mandantin \u00fcber Instagram Drohungen erhalten und deshalb Strafanzeige gegen die Verfasser gestellt hat. Nach Angaben der Ruhr-Nachrichten und der \u201eBild\u201d soll es dabei um Todes- und Vergewaltigungsdrohungen gegangen sein.<\/p>\n<p class=\"AnnotatedMarkup_paragraph__IUT9l\">Auch beruflich zieht JP Kraemer Konsequenzen. Am Dienstag k\u00fcndigte der 45-J\u00e4hrige an, seine Unternehmen zu schlie\u00dfen. Medienberichten zufolge k\u00f6nnten davon rund 80 Mitarbeiter betroffen sein. Den Jahresumsatz seiner Firmengruppe hatte Kraemer vor einiger Zeit in einem Podcast mit rund 100 Millionen Euro angegeben. (abl)<\/p>\n<p class=\"AnnotatedMarkup_paragraph__IUT9l\">Verwendete Quelle: dpa<\/p>\n","protected":false},"excerpt":{"rendered":"Verfahren wieder aufgenommenNach Gewaltvorw\u00fcrfen \u2013 Staatsanwaltschaft ermittelt jetzt doch gegen JP Kraemer Gegen Jean Pierre Kraemer wird nun&hellip;\n","protected":false},"author":2,"featured_media":371211,"comment_status":"","ping_status":"","sticky":false,"template":"","format":"standard","meta":{"footnotes":"","_share_on_mastodon":"0"},"categories":[25],"tags":[90996,46,42,175,653,147,3286,2589,91603,91605,649,44,647,652,651,39,156,155,195,650,148,648],"class_list":["post-371210","post","type-post","status-publish","format-standard","has-post-thumbnail","category-serien","tag-ah-analytics","tag-at","tag-austria","tag-celebrities","tag-ems_unterhaltung_stars","tag-entertainment","tag-ermittlungen","tag-gewalt","tag-jp-kraemer","tag-julia-meck","tag-klatsch-und-tratsch","tag-oesterreich","tag-promi-news","tag-promi-news-aktuell","tag-promis","tag-schlagzeilen","tag-serien","tag-series","tag-staatsanwaltschaft","tag-star-news","tag-unterhaltung","tag-vip-news"],"share_on_mastodon":{"url":"https:\/\/pubeurope.com\/@at\/117202626469709129","error":""},"_links":{"self":[{"href":"https:\/\/www.europesays.com\/at\/wp-json\/wp\/v2\/posts\/371210","targetHints":{"allow":["GET"]}}],"collection":[{"href":"https:\/\/www.europesays.com\/at\/wp-json\/wp\/v2\/posts"}],"about":[{"href":"https:\/\/www.europesays.com\/at\/wp-json\/wp\/v2\/types\/post"}],"author":[{"embeddable":true,"href":"https:\/\/www.europesays.com\/at\/wp-json\/wp\/v2\/users\/2"}],"replies":[{"embeddable":true,"href":"https:\/\/www.europesays.com\/at\/wp-json\/wp\/v2\/comments?post=371210"}],"version-history":[{"count":0,"href":"https:\/\/www.europesays.com\/at\/wp-json\/wp\/v2\/posts\/371210\/revisions"}],"wp:featuredmedia":[{"embeddable":true,"href":"https:\/\/www.europesays.com\/at\/wp-json\/wp\/v2\/media\/371211"}],"wp:attachment":[{"href":"https:\/\/www.europesays.com\/at\/wp-json\/wp\/v2\/media?parent=371210"}],"wp:term":[{"taxonomy":"category","embeddable":true,"href":"https:\/\/www.europesays.com\/at\/wp-json\/wp\/v2\/categories?post=371210"},{"taxonomy":"post_tag","embeddable":true,"href":"https:\/\/www.europesays.com\/at\/wp-json\/wp\/v2\/tags?post=371210"}],"curies":[{"name":"wp","href":"https:\/\/api.w.org\/{rel}","templated":true}]}}