{"id":371238,"date":"2026-09-02T17:45:10","date_gmt":"2026-09-02T17:45:10","guid":{"rendered":"https:\/\/www.europesays.com\/at\/371238\/"},"modified":"2026-09-02T17:45:10","modified_gmt":"2026-09-02T17:45:10","slug":"skulptur-wurde-2011-abgebaut-die-kreisbank-ist-zurueck-an-der-kempener-burg","status":"publish","type":"post","link":"https:\/\/www.europesays.com\/at\/371238\/","title":{"rendered":"Skulptur wurde 2011 abgebaut: Die \u201eKreisbank\u201c ist zur\u00fcck an der Kempener Burg"},"content":{"rendered":"<p class=\"text_ohne_einzug richtext text-em-55 !leading-serif mx-6 desktop:mx-0\">Auf der Wiese zwischen Burg und Burgring in <a href=\"https:\/\/rp-online.de\/thema\/kempen\/\" rel=\"nofollow noopener\" target=\"_blank\">Kempen<\/a> ist ein Surren zu h\u00f6ren. Mit einem gro\u00dfen Akku-Schrauber zieht Matthias Flentje die Schrauben an der Unterseite eines Holzbalkens fest. 18 Balken aus Eiche bilden ein Sitzelement einer riesigen Bank, die im Kreis um eine Eiche aufgestellt wurde. Seit Dienstag schrauben Schreinergeselle Flentje von der Kempener Schreinerei Stosiek und zwei Lehrlinge die Balken fest. 30 Tr\u00e4ger aus Aluminiumguss halten insgesamt 540 Balken. Stosiek schraubt im Stehen, im Knien und im Liegen. Bis Mittwochabend will er fertig sein. Von den Spazierwegen rund um die Burg aus verfolgen Fu\u00dfg\u00e4nger, Radfahrer und Gassig\u00e4nger die Arbeiten. Bald wird es sich in der Stadt herumgesprochen haben: Die \u201eKreisbank\u201c ist wieder da, 25 Jahre nach der ersten Aufstellung.<\/p>\n","protected":false},"excerpt":{"rendered":"Auf der Wiese zwischen Burg und Burgring in Kempen ist ein Surren zu h\u00f6ren. Mit einem gro\u00dfen Akku-Schrauber&hellip;\n","protected":false},"author":2,"featured_media":371239,"comment_status":"","ping_status":"","sticky":false,"template":"","format":"standard","meta":{"footnotes":"","_share_on_mastodon":"0"},"categories":[26],"tags":[158,157,46,42,93027,89636,93031,159,93030,147,93028,93032,88199,161,160,44,87650,93029,148],"class_list":["post-371238","post","type-post","status-publish","format-standard","has-post-thumbnail","category-kunst-und-design","tag-art","tag-art-and-design","tag-at","tag-austria","tag-balken","tag-burg","tag-burgring","tag-design","tag-eiche","tag-entertainment","tag-flentje","tag-holzbalkens","tag-kempen","tag-kunst","tag-kunst-und-design","tag-oesterreich","tag-schrauben","tag-stosiek","tag-unterhaltung"],"share_on_mastodon":{"url":"https:\/\/pubeurope.com\/@at\/117202696745370414","error":""},"_links":{"self":[{"href":"https:\/\/www.europesays.com\/at\/wp-json\/wp\/v2\/posts\/371238","targetHints":{"allow":["GET"]}}],"collection":[{"href":"https:\/\/www.europesays.com\/at\/wp-json\/wp\/v2\/posts"}],"about":[{"href":"https:\/\/www.europesays.com\/at\/wp-json\/wp\/v2\/types\/post"}],"author":[{"embeddable":true,"href":"https:\/\/www.europesays.com\/at\/wp-json\/wp\/v2\/users\/2"}],"replies":[{"embeddable":true,"href":"https:\/\/www.europesays.com\/at\/wp-json\/wp\/v2\/comments?post=371238"}],"version-history":[{"count":0,"href":"https:\/\/www.europesays.com\/at\/wp-json\/wp\/v2\/posts\/371238\/revisions"}],"wp:featuredmedia":[{"embeddable":true,"href":"https:\/\/www.europesays.com\/at\/wp-json\/wp\/v2\/media\/371239"}],"wp:attachment":[{"href":"https:\/\/www.europesays.com\/at\/wp-json\/wp\/v2\/media?parent=371238"}],"wp:term":[{"taxonomy":"category","embeddable":true,"href":"https:\/\/www.europesays.com\/at\/wp-json\/wp\/v2\/categories?post=371238"},{"taxonomy":"post_tag","embeddable":true,"href":"https:\/\/www.europesays.com\/at\/wp-json\/wp\/v2\/tags?post=371238"}],"curies":[{"name":"wp","href":"https:\/\/api.w.org\/{rel}","templated":true}]}}