{"id":371286,"date":"2026-09-02T18:15:11","date_gmt":"2026-09-02T18:15:11","guid":{"rendered":"https:\/\/www.europesays.com\/at\/371286\/"},"modified":"2026-09-02T18:15:11","modified_gmt":"2026-09-02T18:15:11","slug":"folgenschwerer-unfall-nur-acht-wochen-nach-hochzeit-ist-nadine-witwe","status":"publish","type":"post","link":"https:\/\/www.europesays.com\/at\/371286\/","title":{"rendered":"Folgenschwerer Unfall &#8211; Nur acht Wochen nach Hochzeit ist Nadine Witwe"},"content":{"rendered":"<p>Ein Sturz vom Bauger\u00fcst hatte fatale Folgen<br \/>Am 29. Juli befand sich Karl in Graz, arbeitete dort als Maler auf Montage. Das Ger\u00fcst, auf dem er stand, geriet ins Wanken, der Braunauer st\u00fcrzte r\u00fccklings 2,5 Meter hinunter und schlug mit dem Hinterkopf auf. \u201eSein Kopf war von hinten nach vorne geborsten. Zuerst ist er auf der neurologischen Intensivstation gelegen, mit einem schweren Sch\u00e4del-Hirn-Trauma. Schon am zweiten Tag hat eine \u00c4rztin zu mir gesagt, dass er hirntot ist. Aber dann hat sie doch noch nachgemessen, und die Gehirnareale waren wieder aktiv. Aber am vierten Tag hat er keine Pupillenreaktion gehabt\u201c, sagt Nadine.<\/p>\n","protected":false},"excerpt":{"rendered":"Ein Sturz vom Bauger\u00fcst hatte fatale FolgenAm 29. Juli befand sich Karl in Graz, arbeitete dort als Maler&hellip;\n","protected":false},"author":2,"featured_media":371287,"comment_status":"","ping_status":"","sticky":false,"template":"","format":"standard","meta":{"footnotes":"","_share_on_mastodon":"0"},"categories":[6],"tags":[46,42,9719,183,10051,93041,57719,93042,276,44,43,45,93043],"class_list":["post-371286","post","type-post","status-publish","format-standard","has-post-thumbnail","category-oesterreich","tag-at","tag-austria","tag-braunau","tag-graz","tag-karl","tag-karli","tag-nadine","tag-nadine-dennoch","tag-oberoesterreich","tag-oesterreich","tag-republic-of-austria","tag-republik-oesterreich","tag-simbach"],"share_on_mastodon":{"url":"https:\/\/pubeurope.com\/@at\/117202814537285005","error":""},"_links":{"self":[{"href":"https:\/\/www.europesays.com\/at\/wp-json\/wp\/v2\/posts\/371286","targetHints":{"allow":["GET"]}}],"collection":[{"href":"https:\/\/www.europesays.com\/at\/wp-json\/wp\/v2\/posts"}],"about":[{"href":"https:\/\/www.europesays.com\/at\/wp-json\/wp\/v2\/types\/post"}],"author":[{"embeddable":true,"href":"https:\/\/www.europesays.com\/at\/wp-json\/wp\/v2\/users\/2"}],"replies":[{"embeddable":true,"href":"https:\/\/www.europesays.com\/at\/wp-json\/wp\/v2\/comments?post=371286"}],"version-history":[{"count":0,"href":"https:\/\/www.europesays.com\/at\/wp-json\/wp\/v2\/posts\/371286\/revisions"}],"wp:featuredmedia":[{"embeddable":true,"href":"https:\/\/www.europesays.com\/at\/wp-json\/wp\/v2\/media\/371287"}],"wp:attachment":[{"href":"https:\/\/www.europesays.com\/at\/wp-json\/wp\/v2\/media?parent=371286"}],"wp:term":[{"taxonomy":"category","embeddable":true,"href":"https:\/\/www.europesays.com\/at\/wp-json\/wp\/v2\/categories?post=371286"},{"taxonomy":"post_tag","embeddable":true,"href":"https:\/\/www.europesays.com\/at\/wp-json\/wp\/v2\/tags?post=371286"}],"curies":[{"name":"wp","href":"https:\/\/api.w.org\/{rel}","templated":true}]}}