{"id":371290,"date":"2026-09-02T18:18:14","date_gmt":"2026-09-02T18:18:14","guid":{"rendered":"https:\/\/www.europesays.com\/at\/371290\/"},"modified":"2026-09-02T18:18:14","modified_gmt":"2026-09-02T18:18:14","slug":"weiterer-hangar-neben-hangar-7-neues-mateschitz-grossprojekt-in-salzburg-nimmt-formen-an-leadersnet","status":"publish","type":"post","link":"https:\/\/www.europesays.com\/at\/371290\/","title":{"rendered":"Weiterer Hangar neben Hangar-7 &#8211; Neues Mateschitz-Gro\u00dfprojekt in Salzburg nimmt Formen an \u00bb Leadersnet"},"content":{"rendered":"<p>Red Bull hat sich am Flughafen der Mozartstadt das Baurecht f\u00fcr das ehemalige Do&amp;Co-Areal gesichert. Dort soll nun ein neuer Hangar entstehen \u2013 m\u00f6glicherweise f\u00fcr eine prominente Rennwagen-Sammlung.<\/p>\n<p>Am Salzburger Flughafen k\u00f6nnte in unmittelbarer N\u00e4he zum Hangar-7 ein weiteres Projekt von Mark Mateschitz entstehen. Wie die Salzburger Nachrichten (SN) berichten, soll Red Bull auf dem ehemaligen Do&amp;Co-Areal einen neuen Hangar planen. Besonders interessant scheint dabei die Frage nach dessen k\u00fcnftiger Nutzung.<\/p>\n<p>Gesichert ist bislang, dass Red Bull das Baurecht f\u00fcr die entsprechende Fl\u00e4che erhalten hat. Der bisherige Bestandsvertrag mit Do&amp;Co sei im M\u00e4rz ausgelaufen, anschlie\u00dfend sei das Areal wieder frei geworden und im Baurecht an Red Bull vergeben worden, best\u00e4tigte der Salzburger Flughafen gegen\u00fcber den SN. Das ehemalige Cateringgeb\u00e4ude wurde mittlerweile vollst\u00e4ndig abgerissen.<\/p>\n<p>Neues Geb\u00e4ude neben Hangar-7<\/p>\n<p>Das Grundst\u00fcck befindet sich hinter der Landesfeuerwehrzentrale in Salzburg-Maxglan und damit in unmittelbarer N\u00e4he zu Hangar-7 und Hangar-8. Erst im vergangenen Jahr hatte Mark Mateschitz den umfassend modernisierten Hangar-7 mit einer gro\u00dfen Er\u00f6ffnungsfeier samt Motorsport- und Flugshow wiederer\u00f6ffnet (<a href=\"https:\/\/www.leadersnet.at\/news\/90025,hangar-7-wurde-mit-party-der-superlative-wiedereroeffnet.html\" target=\"_blank\" rel=\"noopener nofollow\">LEADERSNET berichtete<\/a>).<\/p>\n<p>Auch f\u00fcr Hangar-7 und Hangar-8 wurden vor mehr als 25 Jahren Baurechte vergeben. Da der Flughafen zu 75 Prozent dem Land Salzburg und zu 25 Prozent der Stadt Salzburg geh\u00f6rt, ist ein Verkauf des nun frei gewordenen Grundst\u00fccks nicht vorgesehen.<\/p>\n<p>Wie das neue Geb\u00e4ude aussehen und wann mit dessen Errichtung begonnen werden k\u00f6nnte, ist derzeit noch offen. Von Red Bull gebe es bislang keine offizielle Stellungnahme zu den konkreten Baupl\u00e4nen. Auch beim Salzburger Gestaltungsbeirat sei noch keine entsprechende Voranfrage eingelangt.<\/p>\n<p>Bekommt Ecclestones Rennwagen-Sammlung ein neues Zuhause?<\/p>\n<p>F\u00fcr zus\u00e4tzliche Brisanz sorgt die m\u00f6gliche Nutzung des neuen Hangars. Laut SN wird dar\u00fcber spekuliert, dass dort k\u00fcnftig die ehemalige Rennwagen-Sammlung von Bernie Ecclestone \u00f6ffentlich pr\u00e4sentiert werden k\u00f6nnte. Best\u00e4tigt ist das allerdings nicht.<\/p>\n<p>Mateschitz hatte die au\u00dfergew\u00f6hnliche Kollektion des ehemaligen Formel-1-Chefs im Fr\u00fchjahr 2025 erworben. Sie umfasst 69 historische Rennwagen, darunter Boliden, die mit Weltmeistern wie Niki Lauda, Michael Schumacher, Nelson Piquet oder Alberto Ascari verbunden sind. Der Wert der Sammlung wurde damals mit knapp 600 Millionen Euro beziffert. <a href=\"https:\/\/www.leadersnet.at\/news\/87387,mark-mateschitz-kauft-rennwagen-sammlung-von-bernie-ecclestone.html\" target=\"_blank\" rel=\"noopener nofollow\">LEADERSNET berichtete<\/a> ausf\u00fchrlich \u00fcber den spektakul\u00e4ren Deal und die Pl\u00e4ne, die Fahrzeuge k\u00fcnftig \u00f6ffentlich auszustellen.<\/p>\n<p>Dass die Sammlung tats\u00e4chlich in dem geplanten Neubau untergebracht wird, ist derzeit jedoch lediglich eine naheliegende M\u00f6glichkeit. In der Umgebung entsteht laut SN bereits ein Oldtimer-Depot von Red Bull, das als Garage dienen soll. Ein zus\u00e4tzlicher Hangar k\u00f6nnte somit grunds\u00e4tzlich Raum f\u00fcr eine \u00f6ffentlich zug\u00e4ngliche Pr\u00e4sentation bieten.<\/p>\n<p>Auch Flughafen selbst baut aus<\/p>\n<p>Unabh\u00e4ngig von den m\u00f6glichen Mateschitz-Pl\u00e4nen investiert auch der Salzburg Airport in seine Infrastruktur. Im Juli erfolgte der Spatenstich f\u00fcr einen neuen Hangar-1 an der Ecke Innsbrucker Bundesstra\u00dfe\/Kr\u00f6benfeldstra\u00dfe. Das Projekt ist Teil der geplanten Modernisierung des Flughafens bis 2033.<\/p>\n<p><a href=\"https:\/\/www.redbull.com\/at-de\" target=\"_blank\" rel=\"noopener nofollow\">www.redbull.com<\/a><\/p>\n<p><a href=\"https:\/\/www.sn.at\/\" target=\"_blank\" rel=\"noopener nofollow\">www.sn.at<\/a><\/p>\n","protected":false},"excerpt":{"rendered":"Red Bull hat sich am Flughafen der Mozartstadt das Baurecht f\u00fcr das ehemalige Do&amp;Co-Areal gesichert. Dort soll nun&hellip;\n","protected":false},"author":2,"featured_media":371291,"comment_status":"","ping_status":"","sticky":false,"template":"","format":"standard","meta":{"footnotes":"","_share_on_mastodon":"0"},"categories":[31],"tags":[46,42,7329,93044,308,44,307,192],"class_list":["post-371290","post","type-post","status-publish","format-standard","has-post-thumbnail","category-salzburg","tag-at","tag-austria","tag-flughafen-salzburg","tag-hangar-7","tag-mark-mateschitz","tag-oesterreich","tag-red-bull","tag-salzburg"],"share_on_mastodon":{"url":"https:\/\/pubeurope.com\/@at\/117202826409436995","error":""},"_links":{"self":[{"href":"https:\/\/www.europesays.com\/at\/wp-json\/wp\/v2\/posts\/371290","targetHints":{"allow":["GET"]}}],"collection":[{"href":"https:\/\/www.europesays.com\/at\/wp-json\/wp\/v2\/posts"}],"about":[{"href":"https:\/\/www.europesays.com\/at\/wp-json\/wp\/v2\/types\/post"}],"author":[{"embeddable":true,"href":"https:\/\/www.europesays.com\/at\/wp-json\/wp\/v2\/users\/2"}],"replies":[{"embeddable":true,"href":"https:\/\/www.europesays.com\/at\/wp-json\/wp\/v2\/comments?post=371290"}],"version-history":[{"count":0,"href":"https:\/\/www.europesays.com\/at\/wp-json\/wp\/v2\/posts\/371290\/revisions"}],"wp:featuredmedia":[{"embeddable":true,"href":"https:\/\/www.europesays.com\/at\/wp-json\/wp\/v2\/media\/371291"}],"wp:attachment":[{"href":"https:\/\/www.europesays.com\/at\/wp-json\/wp\/v2\/media?parent=371290"}],"wp:term":[{"taxonomy":"category","embeddable":true,"href":"https:\/\/www.europesays.com\/at\/wp-json\/wp\/v2\/categories?post=371290"},{"taxonomy":"post_tag","embeddable":true,"href":"https:\/\/www.europesays.com\/at\/wp-json\/wp\/v2\/tags?post=371290"}],"curies":[{"name":"wp","href":"https:\/\/api.w.org\/{rel}","templated":true}]}}