{"id":371308,"date":"2026-09-02T18:31:11","date_gmt":"2026-09-02T18:31:11","guid":{"rendered":"https:\/\/www.europesays.com\/at\/371308\/"},"modified":"2026-09-02T18:31:11","modified_gmt":"2026-09-02T18:31:11","slug":"nach-iran-eskalation-gaspreis-auf-hoechststand-auch-oel-wieder-teurer","status":"publish","type":"post","link":"https:\/\/www.europesays.com\/at\/371308\/","title":{"rendered":"Nach Iran-Eskalation &#8211; Gaspreis auf H\u00f6chststand, auch \u00d6l wieder teurer"},"content":{"rendered":"<p>Bereits den dritten Tag infolge setzte der Preis f\u00fcr europ\u00e4isches Erdgas seinen H\u00f6henflug fort, nachdem er schon am Dienstag eine Rekordmarke \u00fcbersprungen hatte.\u00a0<\/p>\n<p>Der Erdgas-Terminkontrakt TTF zur Lieferung in einem Monat an der B\u00f6rse in Amsterdam kletterte um gut drei Prozent bis auf 74,43 Euro je Megawattstunde (MWh).\u00a0Damit ist Erdgas teurer als zu Beginn des Iran-Kriegs, als die Notierung im M\u00e4rz zeitweise \u00fcber 70 Euro je MWh gestiegen war. H\u00f6her war der Preis zuletzt 2022, als er nach einem russischen Lieferstopp infolge des Ukraine-Kriegs zeitweise \u00fcber 300 Euro gestiegen war.<\/p>\n","protected":false},"excerpt":{"rendered":"Bereits den dritten Tag infolge setzte der Preis f\u00fcr europ\u00e4isches Erdgas seinen H\u00f6henflug fort, nachdem er schon am&hellip;\n","protected":false},"author":2,"featured_media":371309,"comment_status":"","ping_status":"","sticky":false,"template":"","format":"standard","meta":{"footnotes":"","_share_on_mastodon":"0"},"categories":[14],"tags":[1440,46,36756,42,95,90,89,13701,1010,91,94,44,1421,93048,93,92,439],"class_list":["post-371308","post","type-post","status-publish","format-standard","has-post-thumbnail","category-unternehmen-maerkte","tag-amsterdam","tag-at","tag-australischen","tag-austria","tag-business","tag-companies","tag-companies-markets","tag-europaeisches","tag-iran","tag-markets","tag-maerkte","tag-oesterreich","tag-russischen","tag-saul-kavonic","tag-unternehmen","tag-unternehmen-maerkte","tag-usa"],"share_on_mastodon":{"url":"https:\/\/pubeurope.com\/@at\/117202877398453711","error":""},"_links":{"self":[{"href":"https:\/\/www.europesays.com\/at\/wp-json\/wp\/v2\/posts\/371308","targetHints":{"allow":["GET"]}}],"collection":[{"href":"https:\/\/www.europesays.com\/at\/wp-json\/wp\/v2\/posts"}],"about":[{"href":"https:\/\/www.europesays.com\/at\/wp-json\/wp\/v2\/types\/post"}],"author":[{"embeddable":true,"href":"https:\/\/www.europesays.com\/at\/wp-json\/wp\/v2\/users\/2"}],"replies":[{"embeddable":true,"href":"https:\/\/www.europesays.com\/at\/wp-json\/wp\/v2\/comments?post=371308"}],"version-history":[{"count":0,"href":"https:\/\/www.europesays.com\/at\/wp-json\/wp\/v2\/posts\/371308\/revisions"}],"wp:featuredmedia":[{"embeddable":true,"href":"https:\/\/www.europesays.com\/at\/wp-json\/wp\/v2\/media\/371309"}],"wp:attachment":[{"href":"https:\/\/www.europesays.com\/at\/wp-json\/wp\/v2\/media?parent=371308"}],"wp:term":[{"taxonomy":"category","embeddable":true,"href":"https:\/\/www.europesays.com\/at\/wp-json\/wp\/v2\/categories?post=371308"},{"taxonomy":"post_tag","embeddable":true,"href":"https:\/\/www.europesays.com\/at\/wp-json\/wp\/v2\/tags?post=371308"}],"curies":[{"name":"wp","href":"https:\/\/api.w.org\/{rel}","templated":true}]}}