{"id":371314,"date":"2026-09-02T18:34:12","date_gmt":"2026-09-02T18:34:12","guid":{"rendered":"https:\/\/www.europesays.com\/at\/371314\/"},"modified":"2026-09-02T18:34:12","modified_gmt":"2026-09-02T18:34:12","slug":"fpoe-fuerst-van-der-bellens-eu-lobgesang-ist-ein-gefaehrlicher-realitaetsverlust","status":"publish","type":"post","link":"https:\/\/www.europesays.com\/at\/371314\/","title":{"rendered":"FP\u00d6 \u2013 F\u00fcrst: \u201eVan der Bellens EU-Lobgesang ist ein gef\u00e4hrlicher Realit\u00e4tsverlust!\u201c"},"content":{"rendered":"<p>Wien (OTS) &#8211;\u00a0<\/p>\n<p>Nach dem Treffen der deutschsprachigen Staatsoberh\u00e4upter und den anschlie\u00dfenden Erkl\u00e4rungen von Bundespr\u00e4sident Alexander Van der Bellen \u00fcbte FP\u00d6-Au\u00dfenpolitiksprecherin und Klubobmannstellvertreterin NAbg. Dr. Susanne F\u00fcrst scharfe Kritik. F\u00fcrst bem\u00e4ngelte, dass der Bundespr\u00e4sident den Kontinent Europa f\u00e4lschlicherweise mit der Europ\u00e4ischen Union gleichsetze und dabei die dramatischen Fehlentwicklungen der Gegenwart v\u00f6llig ausblende.<\/p>\n<p>\u201eWenn Van der Bellen die EU als Garant f\u00fcr Frieden preist, betreibt er geradezu orwellsche Realit\u00e4tsumkehr. Diese Union hat sich l\u00e4ngst in ein kriegstreiberisches Konstrukt verwandelt, das als williger Erf\u00fcllungsgehilfe f\u00fcr R\u00fcstungskonzerne agiert. Anstatt diplomatische L\u00f6sungen zu suchen, befeuert man mit einem fatalen Sanktionsregime und endlosen Milliardenzahlungen in die Ukraine einen Konflikt, der nicht der unsere ist. Das Resultat ist kein Frieden, sondern die systematische Zerst\u00f6rung unseres heimischen Wohlstands\u201c, so F\u00fcrst.<\/p>\n<p>Mahnende Worte w\u00e4ren laut der freiheitlichen Au\u00dfenpolitiksprecherin angesichts der aktuellen Krisen dringend angebracht gewesen. \u201eEuropa ist unter dem Diktat der EU-Eliten schon lange nicht mehr sicher. Es ist zu einem Pulverfass geworden, randvoll mit den katastrophalen Folgen der illegalen Massenzuwanderung. Gewalt, importierte Kriminalit\u00e4t und archaische Gesellschaftsvorstellungen pr\u00e4gen mittlerweile den Alltag in unseren St\u00e4dten. Die EU ist genau zu dem verkommen, vor dem sie die B\u00fcrger eigentlich sch\u00fctzen sollte!\u201c, kritisierte F\u00fcrst.<\/p>\n<p>Auch wirtschaftlich habe sich die Union vom Motor zum Bremsklotz entwickelt. Aus dem einstigen Wirtschaftstreiber sei ein stotternder Regulierungsmotor geworden, der den heimischen Wohlstand durch absurde Vorgaben systematisch vernichte. Abschlie\u00dfend stellte F\u00fcrst klar: \u201eWir bekennen uns zu Europa, aber die Zukunft liegt nicht in der Unterwerfung unter Br\u00fcssel, sondern in einem starken, europ\u00e4ischen Verband der freien und souver\u00e4nen Vaterl\u00e4nder. Das w\u00e4re ein Europa, auf das man tats\u00e4chlich wieder stolz sein k\u00f6nnte! Was wir sicher nicht brauchen, ist der zentralistische Kurs der abgehobenen EU-Eliten, der uns nur noch mehr Bevormundung, noch mehr Kontrolle und letztlich noch mehr Krieg bringt!\u201c<\/p>\n<p _ngcontent-ng-c2115416006=\"\"> OTS-ORIGINALTEXT PRESSEAUSSENDUNG UNTER AUSSCHLIESSLICHER<br \/>\nINHALTLICHER VERANTWORTUNG DES AUSSENDERS &#8211; WWW.OTS.AT | FPK<\/p>\n","protected":false},"excerpt":{"rendered":"Wien (OTS) &#8211;\u00a0 Nach dem Treffen der deutschsprachigen Staatsoberh\u00e4upter und den anschlie\u00dfenden Erkl\u00e4rungen von Bundespr\u00e4sident Alexander Van der&hellip;\n","protected":false},"author":2,"featured_media":371315,"comment_status":"","ping_status":"","sticky":false,"template":"","format":"standard","meta":{"footnotes":"","_share_on_mastodon":"0"},"categories":[6],"tags":[26393,26395,46,42,6865,76,75,680,18941,2764,44,26394,269,1868,43,45],"class_list":["post-371314","post","type-post","status-publish","format-standard","has-post-thumbnail","category-oesterreich","tag-apa","tag-apa-ots","tag-at","tag-austria","tag-bundesregierung","tag-eu","tag-europa","tag-fpoe","tag-fuerst","tag-int-beziehungen","tag-oesterreich","tag-ots","tag-politik","tag-regierungspolitik","tag-republic-of-austria","tag-republik-oesterreich"],"share_on_mastodon":{"url":"https:\/\/pubeurope.com\/@at\/117202889841906808","error":""},"_links":{"self":[{"href":"https:\/\/www.europesays.com\/at\/wp-json\/wp\/v2\/posts\/371314","targetHints":{"allow":["GET"]}}],"collection":[{"href":"https:\/\/www.europesays.com\/at\/wp-json\/wp\/v2\/posts"}],"about":[{"href":"https:\/\/www.europesays.com\/at\/wp-json\/wp\/v2\/types\/post"}],"author":[{"embeddable":true,"href":"https:\/\/www.europesays.com\/at\/wp-json\/wp\/v2\/users\/2"}],"replies":[{"embeddable":true,"href":"https:\/\/www.europesays.com\/at\/wp-json\/wp\/v2\/comments?post=371314"}],"version-history":[{"count":0,"href":"https:\/\/www.europesays.com\/at\/wp-json\/wp\/v2\/posts\/371314\/revisions"}],"wp:featuredmedia":[{"embeddable":true,"href":"https:\/\/www.europesays.com\/at\/wp-json\/wp\/v2\/media\/371315"}],"wp:attachment":[{"href":"https:\/\/www.europesays.com\/at\/wp-json\/wp\/v2\/media?parent=371314"}],"wp:term":[{"taxonomy":"category","embeddable":true,"href":"https:\/\/www.europesays.com\/at\/wp-json\/wp\/v2\/categories?post=371314"},{"taxonomy":"post_tag","embeddable":true,"href":"https:\/\/www.europesays.com\/at\/wp-json\/wp\/v2\/tags?post=371314"}],"curies":[{"name":"wp","href":"https:\/\/api.w.org\/{rel}","templated":true}]}}