{"id":371342,"date":"2026-09-02T18:53:08","date_gmt":"2026-09-02T18:53:08","guid":{"rendered":"https:\/\/www.europesays.com\/at\/371342\/"},"modified":"2026-09-02T18:53:08","modified_gmt":"2026-09-02T18:53:08","slug":"starkregen-und-hagel-gewitter-warnstufe-rot-in-mehreren-bundeslaendern-5-minuten","status":"publish","type":"post","link":"https:\/\/www.europesays.com\/at\/371342\/","title":{"rendered":"\u201eStarkregen und Hagel\u201c: Gewitter-Warnstufe rot in mehreren Bundesl\u00e4ndern &#8211; 5 Minuten"},"content":{"rendered":"<p><a href=\"https:\/\/news.google.com\/rss\/articles\/CBMiuAFBVV95cUxPR3g1R3BXTkNUQmV3WHVzbTN0RXMyNDVTUGo4OUxodVl2Wk9KSnVlWTgtRVA5QzJoa0NEZkh4Z0JHNk83bTFoVUctUXZyaHZPS2l3RnE5NTA5S212XzBabVkxZjAtSEg3Yzd4VTBxQ3c0RHBnUWhsYlpZcWJUTTltQ2EwQVIwOFNpQjB4NFVuYVAtQVdZVUE3aFVMYkRkX2hCODl4V3BadG9FNkIxekZnUzA3Y0tuZDZl?oc=5\" target=\"_blank\" rel=\"nofollow noopener\">\u201eStarkregen und Hagel\u201c: Gewitter-Warnstufe rot in mehreren Bundesl\u00e4ndern<\/a>&nbsp;&nbsp;5 Minuten<a href=\"https:\/\/news.google.com\/rss\/articles\/CBMibEFVX3lxTE1yaVZXSHp0aWRRZ2RxVlZGMUJacnVpZ1pLSUdaSldWUTVRUjhaRHpLQUJ0aGpWSHdKWThIc05NTGl1cTB3Q1k1TGh5Mkp3ai00WDJkRWdBT29ycTZRVVIyVVZSSC1fdlVjRFV4WtIBckFVX3lxTE1IQkJYU09RYzZqMDZkMXdMaVB2a1dpOVRDTGpYT1FRUXVDV2oyRzVvcFp0WXV0d3E4R1hkZ2k3c0U0WXF4Y2swUDRkbVBRS2hYQzJ3OHdHLWZaLVB0T1FMenpDNE1wWWI0ZTFfUnJjRjU1UQ?oc=5\" target=\"_blank\" rel=\"nofollow noopener\">Heftige Gewitter im Anmarsch<\/a>&nbsp;&nbsp;oe24<a href=\"https:\/\/news.google.com\/rss\/articles\/CBMikAFBVV95cUxNblZlbVZlQW1RNzFFcndla1hWYTBIOUxKY2wzejRWSkVwdURJQnZ0MFlXRnZiRzRiT3dqclZHM25UaDBCcG1aUXdHWFpnSEh3Ujl2bnZaRkt6N0FXTGQ3bjB0a1pUajJoczhGSGZScUc3aHBXWVEwYXM2WHVOX3VacjlNdmo3MjdHM0JCYWE1VFI?oc=5\" target=\"_blank\" rel=\"nofollow noopener\">Unwettergefahr steigt: Gewitter ziehen \u00fcber K\u00e4rnten<\/a>&nbsp;&nbsp;nachrichten.jetzt<a href=\"https:\/\/news.google.com\/rss\/articles\/CBMikAFBVV95cUxPV25YcGxOb21MOTVodVdFQldYVW9IYnFnS3lTM1JxVmNKMy05cXlCYkd1Mk9qR3VKblhrT1ZoVnRPUnp0djlPc2NURUJqU0x5Z09FY0RidXJtZEE0VWRVOE1ZQm1JMFRZY2lRb3NNVW5UejNXTkJsVDQ0RkkxaHVxcDItUXg4S2FHaU5najdXdHQ?oc=5\" target=\"_blank\" rel=\"nofollow noopener\">\u00dcberflutungen drohen \u2013 Neue Karte zeigt, wo Gewitter jetzt \u00d6sterreich treffen<\/a>&nbsp;&nbsp;Heute<a href=\"https:\/\/news.google.com\/rss\/articles\/CBMitwFBVV95cUxQRVBQOHQ1ZkhqcGxjVlh6aXRud21aQlJVYVU4TkRfVXlZWk9GaGhrM29MbGZCeHN3X0tzR2dCUWFhYWZoQVlZZ0JyVVlqRFVpUmI4dXZROEhNcFlubUZHdk5WQzAxSGdEVTh2RUt1MFBrN0d0RUhueGpIYmRkWXdKemJQSGNRWXB6ODBpQzZCajF6V1hSeUswbEhRUTVMYVZpZkhUM3V3SHR3YUFldU9XZUU4NmllMUU?oc=5\" target=\"_blank\" rel=\"nofollow noopener\">Orange Unwetterwarnung f\u00fcr Gro\u00dfraum Innsbruck und Tiroler Unterland<\/a>&nbsp;&nbsp;derstandard.at<\/p>\n","protected":false},"excerpt":{"rendered":"\u201eStarkregen und Hagel\u201c: Gewitter-Warnstufe rot in mehreren Bundesl\u00e4ndern&nbsp;&nbsp;5 MinutenHeftige Gewitter im Anmarsch&nbsp;&nbsp;oe24Unwettergefahr steigt: Gewitter ziehen \u00fcber K\u00e4rnten&nbsp;&nbsp;nachrichten.jetzt\u00dcberflutungen drohen&hellip;\n","protected":false},"author":2,"featured_media":371343,"comment_status":"","ping_status":"","sticky":false,"template":"","format":"standard","meta":{"footnotes":"","_share_on_mastodon":"0"},"categories":[6],"tags":[46,42,44,43,45],"class_list":["post-371342","post","type-post","status-publish","format-standard","has-post-thumbnail","category-oesterreich","tag-at","tag-austria","tag-oesterreich","tag-republic-of-austria","tag-republik-oesterreich"],"share_on_mastodon":{"url":"https:\/\/pubeurope.com\/@at\/117202963847640438","error":""},"_links":{"self":[{"href":"https:\/\/www.europesays.com\/at\/wp-json\/wp\/v2\/posts\/371342","targetHints":{"allow":["GET"]}}],"collection":[{"href":"https:\/\/www.europesays.com\/at\/wp-json\/wp\/v2\/posts"}],"about":[{"href":"https:\/\/www.europesays.com\/at\/wp-json\/wp\/v2\/types\/post"}],"author":[{"embeddable":true,"href":"https:\/\/www.europesays.com\/at\/wp-json\/wp\/v2\/users\/2"}],"replies":[{"embeddable":true,"href":"https:\/\/www.europesays.com\/at\/wp-json\/wp\/v2\/comments?post=371342"}],"version-history":[{"count":0,"href":"https:\/\/www.europesays.com\/at\/wp-json\/wp\/v2\/posts\/371342\/revisions"}],"wp:featuredmedia":[{"embeddable":true,"href":"https:\/\/www.europesays.com\/at\/wp-json\/wp\/v2\/media\/371343"}],"wp:attachment":[{"href":"https:\/\/www.europesays.com\/at\/wp-json\/wp\/v2\/media?parent=371342"}],"wp:term":[{"taxonomy":"category","embeddable":true,"href":"https:\/\/www.europesays.com\/at\/wp-json\/wp\/v2\/categories?post=371342"},{"taxonomy":"post_tag","embeddable":true,"href":"https:\/\/www.europesays.com\/at\/wp-json\/wp\/v2\/tags?post=371342"}],"curies":[{"name":"wp","href":"https:\/\/api.w.org\/{rel}","templated":true}]}}