{"id":371370,"date":"2026-09-02T19:13:09","date_gmt":"2026-09-02T19:13:09","guid":{"rendered":"https:\/\/www.europesays.com\/at\/371370\/"},"modified":"2026-09-02T19:13:09","modified_gmt":"2026-09-02T19:13:09","slug":"warum-die-arbeitslosigkeit-in-noe-so-stark-steigt","status":"publish","type":"post","link":"https:\/\/www.europesays.com\/at\/371370\/","title":{"rendered":"Warum die Arbeitslosigkeit in N\u00d6 so stark steigt"},"content":{"rendered":"<p>Als Grund f\u00fcr die gestiegene Arbeitslosigkeit gilt die schwache Wirtschaft: Laut Wirtschaftsforschungsinstitut wirken schwache Konjunkturdaten aus dem Fr\u00fchjahr besonders nach. Nieder\u00f6sterreich habe in einigen Branchen schlechter performt, als die anderen Bundesl\u00e4nder. Insgesamt sind fast 56.500 Menschen im Land arbeitslos oder befinden sich in Schulung.<\/p>\n<p>Das sei besonders auf drei Branchen zur\u00fcckzuf\u00fchren, so Stefan Angel, Arbeitsmarkt\u00f6konom beim \u00d6sterreichischen Institut f\u00fcr Wirtschaftsforschung (WIFO). In der Sachg\u00fctererzeugung sehe man eine \u201eunterdurchschnittliche Performance\u201c, so der Experte: \u201e\u00c4hnlich ist es auch im Bauwesen \u2013  und auch im Tourismus sehen wir, dass \u2013 gemeinsam mit Vorarlberg \u2013 Nieder\u00f6sterreich das einzige Bundesland ist, wo die N\u00e4chtigungen zur\u00fcckgegangen sind im Fr\u00fchjahr 2026.\u201c<\/p>\n<p>\u00c4ltere Frauen besonders betroffen<\/p>\n<p>Besonders stark von Arbeitslosigkeit betroffen sind \u00e4ltere Frauen. Innerhalb eines Jahres ist die Zahl der arbeitslosen Frauen in Nieder\u00f6sterreich um 8,4 Prozent gestiegen, bei M\u00e4nnern f\u00e4llt das Plus mit 5,3 Prozent deutlich niedriger aus. \u00d6sterreichweit zeigt sich der Unterschied noch eindeutiger: 5,8 Prozent Plus wurden bei den Frauen gemeldet, und ein R\u00fcckgang von 0,8 Prozent bei den M\u00e4nnern.<\/p>\n<p>   <a href=\"https:\/\/orf.at\/stories\/3440861\/\" rel=\"nofollow noopener\" target=\"_blank\"><\/p>\n<p>         <img class=\"lazy-loading\"\/><\/p>\n<p>Mehr zum Thema<\/p>\n<p>         Tiefe Kluft zwischen Frauen und M\u00e4nnern<\/p>\n<p>   <\/a><\/p>\n<p>Grund sei unter anderem der schrittweise Anstieg des Pensionsalters bei Frauen, so Monika Taboga, Leiterin des AMS St. P\u00f6lten. \u201eZudem leisten Frauen mehr Care-Arbeit und sind st\u00e4rker im Handel oder im Sozial- und Gesundheitswesen t\u00e4tig. Branchen, die eben stagnieren\u201c, so die Expertin.<\/p>\n<p>Ausbildungen f\u00fcr \u00e4ltere Generation<\/p>\n<p>Besonders hoch ist der Anstieg auch bei Menschen \u00fcber 50 Jahre: \u201eHier liegt unser Fokus ganz stark darauf, dass wir diese Personengruppe motivieren, dass sie noch Ausbildungen machen, damit wir der Arbeitslosigkeit entgegenwirken\u201c, so Taboga. Daf\u00fcr brauche es laut AMS aber auch die Unternehmen, die die \u00c4lteren einstellen: \u201eFirmen sind verhalten in der Aufnahme von Personen \u00fcber 50. Hier braucht es noch ganz viel \u00dcberzeugungsarbeit und ganz viel Information zu F\u00f6rderm\u00f6glichkeiten, hier ist noch viel Luft nach oben.\u201c<\/p>\n<p>Bez\u00fcglich Konjunktur sei \u201edie Talsohle jetzt einmal vorl\u00e4ufig erreicht und im Laufe des Jahres sollte sich das Konjunkturbild verbessern\u201c, so Angel. Die Einsch\u00e4tzung basiere aber auf der Annahme, dass m\u00f6gliche neue internationale Krisen und Kriege die Lage nicht noch weiter anheizen.<\/p>\n<p>Schlagabtausch zwischen SP\u00d6 und FP\u00d6<\/p>\n<p>SP\u00d6-Landesparteichef und Ex-AMS-Landesgesch\u00e4ftsf\u00fchrer Sven Hergovich spricht seit Monaten wiederholt von einem \u201ehausgemachten Problem\u201c in Nieder\u00f6sterreich. Er fordert ein Konjunkturpaket und wirft der zust\u00e4ndigen Landesr\u00e4tin Susanne Rosenkranz (FP\u00d6) Unt\u00e4tigkeit bei der Bek\u00e4mpfung der Arbeitslosigkeit vor.<\/p>\n<p>Rosenkranz weist gegen\u00fcber noe.ORF.at. die Kritik zur\u00fcck, die schwierige Lage am Arbeitsmarkt sei \u201ema\u00dfgeblich auf die Unt\u00e4tigkeit der Bundesregierung zur\u00fcckzuf\u00fchren\u201c, betont Rosenkranz, die in ihrer schriftlichen Stellungnahme auch Arbeitsministerin Korinna Schumann (SP\u00d6) in die Verantwortung nimmt. Die Bundesregierung sei es, die auf falsche Ma\u00dfnahmen setze \u2013 um Arbeitspl\u00e4tze zu schaffen und zu halten m\u00fcsse \u201eendlich die Konjunktur angekurbelt werden\u201c, so Rosenkranz.<\/p>\n","protected":false},"excerpt":{"rendered":"Als Grund f\u00fcr die gestiegene Arbeitslosigkeit gilt die schwache Wirtschaft: Laut Wirtschaftsforschungsinstitut wirken schwache Konjunkturdaten aus dem Fr\u00fchjahr&hellip;\n","protected":false},"author":2,"featured_media":371371,"comment_status":"","ping_status":"","sticky":false,"template":"","format":"standard","meta":{"footnotes":"","_share_on_mastodon":"0"},"categories":[6],"tags":[46,42,44,43,45],"class_list":["post-371370","post","type-post","status-publish","format-standard","has-post-thumbnail","category-oesterreich","tag-at","tag-austria","tag-oesterreich","tag-republic-of-austria","tag-republik-oesterreich"],"share_on_mastodon":{"url":"https:\/\/pubeurope.com\/@at\/117203042584344263","error":""},"_links":{"self":[{"href":"https:\/\/www.europesays.com\/at\/wp-json\/wp\/v2\/posts\/371370","targetHints":{"allow":["GET"]}}],"collection":[{"href":"https:\/\/www.europesays.com\/at\/wp-json\/wp\/v2\/posts"}],"about":[{"href":"https:\/\/www.europesays.com\/at\/wp-json\/wp\/v2\/types\/post"}],"author":[{"embeddable":true,"href":"https:\/\/www.europesays.com\/at\/wp-json\/wp\/v2\/users\/2"}],"replies":[{"embeddable":true,"href":"https:\/\/www.europesays.com\/at\/wp-json\/wp\/v2\/comments?post=371370"}],"version-history":[{"count":0,"href":"https:\/\/www.europesays.com\/at\/wp-json\/wp\/v2\/posts\/371370\/revisions"}],"wp:featuredmedia":[{"embeddable":true,"href":"https:\/\/www.europesays.com\/at\/wp-json\/wp\/v2\/media\/371371"}],"wp:attachment":[{"href":"https:\/\/www.europesays.com\/at\/wp-json\/wp\/v2\/media?parent=371370"}],"wp:term":[{"taxonomy":"category","embeddable":true,"href":"https:\/\/www.europesays.com\/at\/wp-json\/wp\/v2\/categories?post=371370"},{"taxonomy":"post_tag","embeddable":true,"href":"https:\/\/www.europesays.com\/at\/wp-json\/wp\/v2\/tags?post=371370"}],"curies":[{"name":"wp","href":"https:\/\/api.w.org\/{rel}","templated":true}]}}