{"id":371396,"date":"2026-09-02T19:32:10","date_gmt":"2026-09-02T19:32:10","guid":{"rendered":"https:\/\/www.europesays.com\/at\/371396\/"},"modified":"2026-09-02T19:32:10","modified_gmt":"2026-09-02T19:32:10","slug":"diesmal-in-steiermark-hagel-verwandelt-stadt-erneut-in-winterlandschaft-kronen-zeitung","status":"publish","type":"post","link":"https:\/\/www.europesays.com\/at\/371396\/","title":{"rendered":"Diesmal in Steiermark &#8211; Hagel verwandelt Stadt erneut in Winterlandschaft! &#8211; Kronen Zeitung"},"content":{"rendered":"<p><a href=\"https:\/\/news.google.com\/rss\/articles\/CBMiQkFVX3lxTFBBZUhldFV2emVvMXgzbTFyOFQzQ2c4N1UxbndSY3JLRTZuVkhhMEFMYmY0VFdGcnp1eS1WVzlsYXV1QQ?oc=5\" target=\"_blank\" rel=\"nofollow noopener\">Diesmal in Steiermark &#8211; Hagel verwandelt Stadt erneut in Winterlandschaft!<\/a>&nbsp;&nbsp;Kronen Zeitung<a href=\"https:\/\/news.google.com\/rss\/articles\/CBMiswFBVV95cUxOcXYya3lWeC1WMFc1anZZNGZ5QWlEbnFocjlSTUUxUHBraHNPOF8zWDg2VkUzcGdQY0pDZlBWZlBYQjE5Q0c1aG50UUxycU95M0xDSmFZWTdHM3hEQ3IwWWZUM2lpZ3ByTExQTGtEX2ZycGRKOWdpOG9sdWVJanlJa0pEQjd4S1F3RndNMTR1bEpia0o2ZE1BWTBCRFMxT1ZkelN4NURBcXF1ZnVWMDlRVjFOWQ?oc=5\" target=\"_blank\" rel=\"nofollow noopener\">Zentimetergro\u00dfe Hagelk\u00f6rner fielen im Bezirk Voitsberg vom Himmel<\/a>&nbsp;&nbsp;kleinezeitung.at<a href=\"https:\/\/news.google.com\/rss\/articles\/CBMingFBVV95cUxNT1pZT05pUkZBTndoeWtGaTNtOXpjN0IyRnJPSUVhZVlRcW9BRnM2bFYtNHkxcC1rOEx2SnBrZTBUY1J2TU5MMFBiZU1yY2k4enVpb2taZ19tZ01CSXphNGh5SHlVRm4tdzN6RG12SzF0T185YVJvWlBhQXYyak00RzZCOXozdFN6XzRpcTBOWWJqYmJnZGM1M1dwQkNxZw?oc=5\" target=\"_blank\" rel=\"nofollow noopener\">Teilweise f\u00fcnf Zentimeter gro\u00dfe Hagelk\u00f6rner: Schweres Hagelunwetter im Bezirk Voitsberg<\/a>&nbsp;&nbsp;MeinBezirk.at<a href=\"https:\/\/news.google.com\/rss\/articles\/CBMiwwFBVV95cUxQa3d4d1dTcUVwY3FwcFJWOGJvOHA2dmRZMlB6M1J0MGFyTWxEVzlpeWRKRlMyY3V5eE9kZ3NicXk2Sk9BVjJlS1ZtSHYyNTFISWRyZTRIM3BORUNIU3JkVDM0VFJ0TEdHelhzZllITmd4UHBiSk1MZzl5Tko4dVVrV05pcmZlT1dJc2VNZ2VKQ0VJdXdZdUdYZ2RmSWs0RTJ3bHNiaUMxbGlEa19hLVVaUmpRd0EzbUVJanhPRGRDa0FKQW8?oc=5\" target=\"_blank\" rel=\"nofollow noopener\">Hagel-Unwetter trifft steirisches Tierheim: \u201eSo etwas haben wir noch nicht erlebt\u2026\u201c<\/a>&nbsp;&nbsp;5 Minuten<a href=\"https:\/\/news.google.com\/rss\/articles\/CBMigwFBVV95cUxQa2JCblhNR2l4X1pJTGJhWXZGNkEtUllzWU1sY0o2QlhNS2ZuTU5mNVJiWGx1eVF2X1Rtclk2QXA4QnV4ZjI1Y2ZoVkFMOG12OUJxNVpNY3k1NEJjZU83SUFQZ1RObTNFdnNWN1F5aFRkdkY5Z05xUmk0d0RpLVk5aS0xd9IBiAFBVV95cUxQZGpLN0N4aktYblBTSm93d1ZTWU5xeVhoeFJpUUc3MHRsNmtad202VnBneWJXRWhmQ2Q0dHFKRkp5UVNoaTFkOHVvd09FWUtKQ29Fa3BHWjdtWFZHSm93SlRWWHVKWVpxLVBiNHR2UVYzNWFYTzN5MGRGaTkxSW9WcTNxQVRsRF95?oc=5\" target=\"_blank\" rel=\"nofollow noopener\">Hagel verwandelt Ort in eine Winterlandschaft<\/a>&nbsp;&nbsp;oe24<\/p>\n","protected":false},"excerpt":{"rendered":"Diesmal in Steiermark &#8211; Hagel verwandelt Stadt erneut in Winterlandschaft!&nbsp;&nbsp;Kronen ZeitungZentimetergro\u00dfe Hagelk\u00f6rner fielen im Bezirk Voitsberg vom Himmel&nbsp;&nbsp;kleinezeitung.atTeilweise&hellip;\n","protected":false},"author":2,"featured_media":371397,"comment_status":"","ping_status":"","sticky":false,"template":"","format":"standard","meta":{"footnotes":"","_share_on_mastodon":"0"},"categories":[6],"tags":[46,42,93051,276,44,43,45,116,93052,93053,182],"class_list":["post-371396","post","type-post","status-publish","format-standard","has-post-thumbnail","category-oesterreich","tag-at","tag-austria","tag-koeflach","tag-oberoesterreich","tag-oesterreich","tag-republic-of-austria","tag-republik-oesterreich","tag-steiermark","tag-vorarlberg-die","tag-wagrain","tag-wien"],"share_on_mastodon":{"url":"https:\/\/pubeurope.com\/@at\/117203117504332334","error":""},"_links":{"self":[{"href":"https:\/\/www.europesays.com\/at\/wp-json\/wp\/v2\/posts\/371396","targetHints":{"allow":["GET"]}}],"collection":[{"href":"https:\/\/www.europesays.com\/at\/wp-json\/wp\/v2\/posts"}],"about":[{"href":"https:\/\/www.europesays.com\/at\/wp-json\/wp\/v2\/types\/post"}],"author":[{"embeddable":true,"href":"https:\/\/www.europesays.com\/at\/wp-json\/wp\/v2\/users\/2"}],"replies":[{"embeddable":true,"href":"https:\/\/www.europesays.com\/at\/wp-json\/wp\/v2\/comments?post=371396"}],"version-history":[{"count":0,"href":"https:\/\/www.europesays.com\/at\/wp-json\/wp\/v2\/posts\/371396\/revisions"}],"wp:featuredmedia":[{"embeddable":true,"href":"https:\/\/www.europesays.com\/at\/wp-json\/wp\/v2\/media\/371397"}],"wp:attachment":[{"href":"https:\/\/www.europesays.com\/at\/wp-json\/wp\/v2\/media?parent=371396"}],"wp:term":[{"taxonomy":"category","embeddable":true,"href":"https:\/\/www.europesays.com\/at\/wp-json\/wp\/v2\/categories?post=371396"},{"taxonomy":"post_tag","embeddable":true,"href":"https:\/\/www.europesays.com\/at\/wp-json\/wp\/v2\/tags?post=371396"}],"curies":[{"name":"wp","href":"https:\/\/api.w.org\/{rel}","templated":true}]}}