{"id":371398,"date":"2026-09-02T19:33:14","date_gmt":"2026-09-02T19:33:14","guid":{"rendered":"https:\/\/www.europesays.com\/at\/371398\/"},"modified":"2026-09-02T19:33:14","modified_gmt":"2026-09-02T19:33:14","slug":"auswaertscoup-in-wien-wsg-tirol-vergroessert-sorgenfalten-des-fk-austria-wien","status":"publish","type":"post","link":"https:\/\/www.europesays.com\/at\/371398\/","title":{"rendered":"Ausw\u00e4rtscoup in Wien: WSG Tirol vergr\u00f6\u00dfert Sorgenfalten des FK Austria Wien"},"content":{"rendered":"<p>\t\t\t\t\t\t\t\t\t\t\t\t\t\t\t <img decoding=\"async\" src=\"https:\/\/www.europesays.com\/at\/wp-content\/uploads\/2026\/09\/1788377593_229_austria-wien.png\" alt=\"\"\/> <\/p>\n<p>\t\t\t\t\t\t\t\t\t\t\t\t\t\t\t <img decoding=\"async\" src=\"https:\/\/www.europesays.com\/at\/wp-content\/uploads\/2026\/09\/1788377594_331_wsg-tirol.png\" alt=\"\"\/> <\/p>\n<p>Im Nachtragsspiel der 4. Bundesliga-Runde gastierte am fr\u00fchen Mittwochabend die <a href=\"https:\/\/ticker.ligaportal.at\/mannschaft\/1687\/wsg-tirol\" rel=\"nofollow noopener\" target=\"_blank\">WSG Tirol <\/a>beim <a href=\"https:\/\/ticker.ligaportal.at\/mannschaft\/1721\/austria-wien\" rel=\"nofollow noopener\" target=\"_blank\">FK Austria Wien<\/a>. Die Veilchen standen als Tabellenletzter unter Zugzwang, man\u00f6vrierten sich mit einer 0:1-Heimniederlage gegen die Wattener aber weiter in die sportliche Krise. Drew Murray schoss die Kristallkicker in der 66. Minute per Abstauber zum \u00fcberraschenden Ausw\u00e4rtssieg in der Bundeshauptstadt. W\u00e4hrend die Austria auf dem letzten Tabellenplatz bleibt, klettern die Tiroler in die obere H\u00e4lfte auf Rang f\u00fcnf.\u00a0<\/p>\n<p><img decoding=\"async\" src=\"https:\/\/www.europesays.com\/at\/wp-content\/uploads\/2026\/09\/ranftl-oswald-austria-wsg-tirol-02092026-gepa-admiral-ringsmuth.jpg\" alt=\"\"\/><br \/>\nKaum Chancen in Halbzeit eins &#8211; bis auf einen Stangentreffer<\/p>\n<p class=\"isSelectedEnd\">Die Hausherren waren von Beginn an\u00a0etwas aktiver, ohne sich dabei jedoch eine klare Torchance herauszuspielen. Bereits in der 2. Minute sorgte Boateng \u00fcber links f\u00fcr den ersten Vorsto\u00df, seine Flanke stellte die Tiroler Defensive allerdings vor keine Probleme.\u00a0<\/p>\n<p class=\"isSelectedEnd\">Mit zunehmender Spieldauer fand auch die WSG Tirol besser in die Partie. Vor allem \u00fcber schnelle Gegenangriffe und Standardsituationen kam sie immer wieder nach vorne. In der 10. Minute setzte Frederiksen einen Freisto\u00df zwar an der Mauer vorbei, verfehlte das Tor aber ebenso.<\/p>\n<p class=\"isSelectedEnd\">Die gef\u00e4hrlichste Phase der ersten Halbzeit geh\u00f6rte schlie\u00dflich den G\u00e4sten: Nach einer Ecke verl\u00e4ngerte Gugganig den Ball in der 25. Minute auf Striednig, dessen Abschluss an die Stange prallte. Kurz darauf unterlief der Austria zudem ein schwerer Fehler im Spielaufbau.<\/p>\n<p class=\"isSelectedEnd\">Baden Frederiksen kam an den Ball und schloss sofort ab, doch Sahin-Radlinger verhinderte mit einer starken\u00a0Parade den R\u00fcckstand.<\/p>\n<p class=\"isSelectedEnd\">Die Austria hatte zwar ebenfalls einige vielversprechende Ans\u00e4tze, blieb im Abschluss aber zu unpr\u00e4zise. Ein Angriff \u00fcber Eggestein und Markovic f\u00fchrte in der 32. Minute sogar zu einem Treffer, dieser wurde wegen einer klaren Abseitsstellung jedoch nicht anerkannt.<\/p>\n<p class=\"isSelectedEnd\">Kurz vor der Pause kam Markovic nach einer Kombination mit Ranftl noch einmal zum Abschluss, der Versuch wurde allerdings abgef\u00e4lscht. Insgesamt blieb es damit bei wenigen wirklich gef\u00e4hrlichen Szenen und einem torlosen Halbzeitstand.<\/p>\n<p>Austria zu passiv, WSG bestraft dies eiskalt und feiert den zweiten Ausw\u00e4rtssieg in Folge<\/p>\n<p class=\"isSelectedEnd\">Auch nach dem Seitenwechsel \u00e4nderte sich das Bild zun\u00e4chst kaum. Die Austria kam mit einer Flanke in den Strafraum aus der Kabine, diese blieb jedoch harmlos. Die WSG agierte ebenfalls vorsichtig und versuchte vor allem, \u00fcber Standards und schnelle Kombinationen in die Offensive zu kommen.<\/p>\n<p class=\"isSelectedEnd\">In der 54. Minute ergab sich dann eine der besten M\u00f6glichkeiten f\u00fcr die Gastgeber: Fischer spielte den Ball perfekt auf Lee durch, dessen Lochpass in die Mitte fand allerdings keinen Abnehmer.<\/p>\n<p class=\"isSelectedEnd\">Die WSG hatte anschlie\u00dfend wieder etwas mehr offensive Aktionen. Olakigbe setzte einen Distanzschuss deutlich \u00fcber das Tor, w\u00e4hrend eine Kombination \u00fcber Goiginger und Balic ebenfalls ohne Abschluss blieb. Die Austria hatte insgesamt weiterhin Probleme, die kompakte Tiroler Defensive regelm\u00e4\u00dfig zu \u00fcberwinden.<\/p>\n<p class=\"isSelectedEnd\">Die Veilchen wirkten in weiterer Folge jedoch verunsichert, zogen sich weit zur\u00fcck und \u00fcberlie\u00dfen den Tirolern das Spielger\u00e4t. Richtig Dampf machte der eingewechselte Matth\u00e4us Taferner, dessen Schuss in der 64. Minute geblockt wurde.\u00a0<\/p>\n<p>Der Druck der Kristallkicker nahm aber weiter zu und dies f\u00fchrte nur wenig sp\u00e4ter zur F\u00fchrung: Drew Murray stand nach einer Kopfballvorlage an der zweiten Stange goldrichtig und staubte eiskalt zum 0:1 ab (66.).\u00a0<\/p>\n<p>Ein Wirkungstreffer f\u00fcr die Hausherren? Mitnichten. Von den Favoritnern kam auch in weiterer Folge wenig bis gar nichts. Angriffe verpufften schnell oder blieben an der Abwehr der Semlic-Sch\u00fctzlinge h\u00e4ngen.<\/p>\n<p>Richtig gef\u00e4hrlich wurde es jedoch bei einem Ranftl-Kopfball, den WSG-Keeper Hamzic stark \u00fcber das Tor lenken konnte (77.). Auf der anderen Seite verpasste Olakigbe nach Goiginger-Hereingabe die Vorentscheidung (83.).\u00a0<\/p>\n<p>Bestraft wurde dies aber nicht: Eine rasante Schlussoffensive der Veilchen blieb n\u00e4mlich aus und somit bejubelte die WSG Tirol den zweiten Ausw\u00e4rtssieg in Folge.\u00a0<\/p>\n<p>FK Austria Wien &#8211; WSG Tirol 0:1 (0:0)<\/p>\n<p>Mittwoch, 02.09.2026 (18:30 Uhr); Generali-Arena, Wien; SR Harald Lechner.<\/p>\n<p>FK Austria:\u00a0Sahin-Radlinger &#8211;\u00a0Handl, Dragovic, Feddersen (70.\/Saljic) &#8211; Ranftl, Markovic, Wustinger (59.\/Lee Kang-Hee), Tae-Seok Lee (86.\/Schablas) &#8211; Fischer, Eggestein, Boateng (59.\/Hettwer);\u00a0Trainer:\u00a0Stephan Helm.<\/p>\n<p>WSG Tirol: Hamzic &#8211; Boras, Murray, Gugganig &#8211; Oswald, Satin, Striednig, Balic (59.\/Taferner) &#8211; Olakigbe (83.\/Gsch\u00f6sser), Baden Frederiksen (83.\/Hinterseer), Goiginger (90.\/Celic);\u00a0Trainer:\u00a0Philipp Semlic.<\/p>\n<p>Tor: Murray (66.)<\/p>\n<p>Gelbe Karten: Helm, Dragovic, Lee Kang-Hee, Schablas bzw. Murray, Striednig<\/p>\n<p><a href=\"https:\/\/ticker.ligaportal.at\/live-ticker\/1260154\/austria-wien-gegen-wsg-tirol\" rel=\"nofollow noopener\" target=\"_blank\">Spielfilm im Liveticker<\/a><\/p>\n<p>Fotocredit: GEPA ADMIRAL<\/p>\n","protected":false},"excerpt":{"rendered":"Im Nachtragsspiel der 4. Bundesliga-Runde gastierte am fr\u00fchen Mittwochabend die WSG Tirol beim FK Austria Wien. Die Veilchen&hellip;\n","protected":false},"author":2,"featured_media":371399,"comment_status":"","ping_status":"","sticky":false,"template":"","format":"standard","meta":{"footnotes":"","_share_on_mastodon":"0"},"categories":[8],"tags":[9320,676,1509,40,41,39,38,2278],"class_list":["post-371398","post","type-post","status-publish","format-standard","has-post-thumbnail","category-nachrichten","tag-auswaertssieg","tag-bundesliga","tag-fk-austria-wien","tag-nachrichten","tag-news","tag-schlagzeilen","tag-top-meldungen","tag-wsg-tirol"],"share_on_mastodon":{"url":"https:\/\/pubeurope.com\/@at\/117203121993585710","error":""},"_links":{"self":[{"href":"https:\/\/www.europesays.com\/at\/wp-json\/wp\/v2\/posts\/371398","targetHints":{"allow":["GET"]}}],"collection":[{"href":"https:\/\/www.europesays.com\/at\/wp-json\/wp\/v2\/posts"}],"about":[{"href":"https:\/\/www.europesays.com\/at\/wp-json\/wp\/v2\/types\/post"}],"author":[{"embeddable":true,"href":"https:\/\/www.europesays.com\/at\/wp-json\/wp\/v2\/users\/2"}],"replies":[{"embeddable":true,"href":"https:\/\/www.europesays.com\/at\/wp-json\/wp\/v2\/comments?post=371398"}],"version-history":[{"count":0,"href":"https:\/\/www.europesays.com\/at\/wp-json\/wp\/v2\/posts\/371398\/revisions"}],"wp:featuredmedia":[{"embeddable":true,"href":"https:\/\/www.europesays.com\/at\/wp-json\/wp\/v2\/media\/371399"}],"wp:attachment":[{"href":"https:\/\/www.europesays.com\/at\/wp-json\/wp\/v2\/media?parent=371398"}],"wp:term":[{"taxonomy":"category","embeddable":true,"href":"https:\/\/www.europesays.com\/at\/wp-json\/wp\/v2\/categories?post=371398"},{"taxonomy":"post_tag","embeddable":true,"href":"https:\/\/www.europesays.com\/at\/wp-json\/wp\/v2\/tags?post=371398"}],"curies":[{"name":"wp","href":"https:\/\/api.w.org\/{rel}","templated":true}]}}