{"id":371424,"date":"2026-09-02T19:51:10","date_gmt":"2026-09-02T19:51:10","guid":{"rendered":"https:\/\/www.europesays.com\/at\/371424\/"},"modified":"2026-09-02T19:51:10","modified_gmt":"2026-09-02T19:51:10","slug":"ex-kika-leiner-chef-fordert-entlassung-aus-u-haft-diepresse-com","status":"publish","type":"post","link":"https:\/\/www.europesays.com\/at\/371424\/","title":{"rendered":"Ex-Kika\/Leiner-Chef fordert Entlassung aus U-Haft \u2013 DiePresse.com"},"content":{"rendered":"<p class=\"lead\">Der Anwalt des ehemaligen Gesch\u00e4ftsf\u00fchrers Hermann Wieser sprach von einer \u201emedialen Vorverurteilung\u201c und betonte, eine \u201eunverz\u00fcgliche Enthaftung\u201c sei notwendig.<\/p>\n<p><img loading=\"lazy\" decoding=\"async\" class=\"figure__image\" src=\"https:\/\/www.europesays.com\/at\/wp-content\/uploads\/2026\/09\/Kika Leiner.webp\" alt=\"Kika, Leiner, Insolvenz, M\u00f6belhaus, Signa  Foto: Clemens Fabry\" width=\"588\" height=\"392\"\/><\/p>\n<p>Kika, Leiner, Insolvenz, M\u00f6belhaus, Signa  Foto: Clemens Fabry\u2003Clemens Fabry<\/p>\n<p>                    02.09.2026 um 18:45<\/p>\n<p>            <a href=\"https:\/\/google.com\/preferences\/source?q=diepresse.com\" class=\"cta cta--google\" target=\"_blank\" rel=\"noopener noreferrer nofollow\" onclick=\"pushDatalayer({&#010;            &#039;eventCategory&#039;: &#039;menu&#039;,&#010;            &#039;event&#039;: &#039;google_pref_choice&#039;,&#010;            &#039;eventAction&#039;: &#039;choice&#039;,&#010;            &#039;eventLabel&#039;: &#039;Google Prefered Source&#039;&#010;            }, true)\"><\/p>\n<p>        Die Presse auf Google als bevorzugte Nachrichtenquelle hinzuf\u00fcgen.<br \/>\n    <\/a><\/p>\n<p>Der fr\u00fchere Kika\/Leiner-Gesch\u00e4ftsf\u00fchrer Hermann Wieser bestreitet, an Malversationen rund um die Pleite des M\u00f6belhauses beteiligt gewesen zu sein. Er sitzt seit 30. August wegen Betrugsverdachts in U-Haft, der Vorwurf der Staatsanwaltschaft lautet, die Notlage von Hochwasseropfern im September 2024 in betr\u00fcgerischer Absicht ausgenutzt zu haben. Sein Anwalt wies gegen\u00fcber der \u201eZiB2\u201c vom Dienstag die Vorw\u00fcrfe entschieden zur\u00fcck.<\/p>\n<p>Der Rechtsvertreter sprach von einer \u201emedialen Vorverurteilung\u201c und betonte, eine \u201eunverz\u00fcgliche Enthaftung\u201c von Wieser sei notwendig. Die Wirtschafts- und Korruptionsstaatsanwaltschaft (WKStA) hingegen sieht einen erheblichen Schaden f\u00fcr die Kunden, die in gutem Glauben nach dem Hochwasser neue M\u00f6bel angezahlt hatten, aber keine Einrichtungsgegenst\u00e4nde erhielten &#8211; und auch keine R\u00fcckzahlung ihrer Anzahlungen. Laut Oberstaatsanw\u00e4ltin Alexandra V\u00f6lkel sind zumindest 4.700 Kundinnen und Kunden betroffen, die Gesamt-Schadensumme liege bei mindestens 15 Mio. Euro.<\/p>\n<p>Zur Vorgeschichte: Vor fast zwei Jahren sorgten massive Unwetter f\u00fcr Sch\u00e4den von \u00fcber einer Milliarde Euro. Kika\/Leiner bot damals unter Gesch\u00e4ftsf\u00fchrer Wieser einen Unwetter-Nachlass f\u00fcr Kundinnen und Kunden von 20 Prozent an &#8211; laut WKStA zu einem Zeitpunkt, als die Pleite des Einrichtungshauses schon evident war.<\/p>\n<p>Dennoch wurden noch Gutscheine verkauft und Anzahlungen angenommen. K\u00fcnftig solle bei Vertr\u00e4gen, die unter das Konsumentenschutzgesetz fallen, die Anzahlung h\u00f6chstens 20 Prozent des Kaufpreises betragen, forderte AK-O\u00d6-Pr\u00e4sident Andreas Stangl via Aussendung &#8211; au\u00dfer es gebe eine Insolvenzabsicherung.<\/p>\n<p>Die mittlerweile pleitegegangene Signa des aktuell ebenso in U-Haft sitzenden <a href=\"https:\/\/www.diepresse.com\/thema\/rene-benko\" data-tracking=\"at-link\" data-tracking-data=\"{\" event=\"\" click=\"\" article=\"\" fordert=\"\" entlassung=\"\" aus=\"\" u-haft=\"\" rel=\"nofollow noopener\" target=\"_blank\">Ren\u00e9 Benko<\/a> hatte die Kika\/Leiner-Immobilien 2023 an den Grazer Immobilienentwickler Supernova verkauft und das operative M\u00f6belgesch\u00e4ft an den Handelsmanager Wieser abgegeben. Kurz darauf meldete das Unternehmen zum ersten Mal Insolvenz an. Nach der zweiten Insolvenz im November 2024 konnte Wieser weder frische finanzielle Mittel noch einen Investor auftreiben. (APA)<\/p>\n","protected":false},"excerpt":{"rendered":"Der Anwalt des ehemaligen Gesch\u00e4ftsf\u00fchrers Hermann Wieser sprach von einer \u201emedialen Vorverurteilung\u201c und betonte, eine \u201eunverz\u00fcgliche Enthaftung\u201c sei&hellip;\n","protected":false},"author":2,"featured_media":371425,"comment_status":"","ping_status":"","sticky":false,"template":"","format":"standard","meta":{"footnotes":"","_share_on_mastodon":"0"},"categories":[6],"tags":[46,42,44,43,45],"class_list":["post-371424","post","type-post","status-publish","format-standard","has-post-thumbnail","category-oesterreich","tag-at","tag-austria","tag-oesterreich","tag-republic-of-austria","tag-republik-oesterreich"],"share_on_mastodon":{"url":"https:\/\/pubeurope.com\/@at\/117203193812994268","error":""},"_links":{"self":[{"href":"https:\/\/www.europesays.com\/at\/wp-json\/wp\/v2\/posts\/371424","targetHints":{"allow":["GET"]}}],"collection":[{"href":"https:\/\/www.europesays.com\/at\/wp-json\/wp\/v2\/posts"}],"about":[{"href":"https:\/\/www.europesays.com\/at\/wp-json\/wp\/v2\/types\/post"}],"author":[{"embeddable":true,"href":"https:\/\/www.europesays.com\/at\/wp-json\/wp\/v2\/users\/2"}],"replies":[{"embeddable":true,"href":"https:\/\/www.europesays.com\/at\/wp-json\/wp\/v2\/comments?post=371424"}],"version-history":[{"count":0,"href":"https:\/\/www.europesays.com\/at\/wp-json\/wp\/v2\/posts\/371424\/revisions"}],"wp:featuredmedia":[{"embeddable":true,"href":"https:\/\/www.europesays.com\/at\/wp-json\/wp\/v2\/media\/371425"}],"wp:attachment":[{"href":"https:\/\/www.europesays.com\/at\/wp-json\/wp\/v2\/media?parent=371424"}],"wp:term":[{"taxonomy":"category","embeddable":true,"href":"https:\/\/www.europesays.com\/at\/wp-json\/wp\/v2\/categories?post=371424"},{"taxonomy":"post_tag","embeddable":true,"href":"https:\/\/www.europesays.com\/at\/wp-json\/wp\/v2\/tags?post=371424"}],"curies":[{"name":"wp","href":"https:\/\/api.w.org\/{rel}","templated":true}]}}