{"id":371430,"date":"2026-09-02T19:56:15","date_gmt":"2026-09-02T19:56:15","guid":{"rendered":"https:\/\/www.europesays.com\/at\/371430\/"},"modified":"2026-09-02T19:56:15","modified_gmt":"2026-09-02T19:56:15","slug":"sky-info-sturm-graz-verpflichtet-wm-stuermer","status":"publish","type":"post","link":"https:\/\/www.europesays.com\/at\/371430\/","title":{"rendered":"Sky-Info: Sturm Graz verpflichtet WM-St\u00fcrmer"},"content":{"rendered":"<p>Vizemeister <a href=\"https:\/\/www.skysportaustria.at\/fussball\/admiral-bundesliga\/sk-sturm-graz\/\" rel=\"nofollow noopener\" target=\"_blank\">Sturm Graz<\/a> wird nach Sky-Informationen noch einmal am Transfermarkt aktiv. Die Grazer verpflichten Oumar Diakite von Stade Reims.<\/p>\n<p>Der St\u00fcrmer, der unter anderem schon beim FC Liefering und Red Bull Salzburg unter Vertrag stand, soll zun\u00e4chst per Leihe kommen. Sturm hat sich f\u00fcr die Zukunft allerdings auch eine Kaufoption f\u00fcr den Angreifer gesichert.<\/p>\n<p>Diakite spielte in der vergangenen Saison auf Leihbasis bei Cercle Br\u00fcgge. Dort erzielte er in 26 Pflichtspielen sieben Tore und steuerte zwei Vorlagen bei. Mit der Elfenbeink\u00fcste fuhr der 22-J\u00e4hrige auch zur WM 2026 (zwei Spiele, keine Tore). Insgesamt h\u00e4lt er bei 31 Spielen f\u00fcr die Nationalmannschaft.<\/p>\n<p dir=\"ltr\" lang=\"de\">\u26ab\ufe0f\u26aa\ufe0f FIX IS || St\u00fcrmer Oumar Diakit\u00e9 (22) von Stade Reims vor Wechsel zu <a href=\"https:\/\/x.com\/SKSturm?ref_src=twsrc%5Etfw\" rel=\"nofollow\">@SKSturm<\/a>. Medical absolviert. Leihe inkl. Kaufoption. 31 L\u00e4nderspiele f\u00fcr Elfenbeink\u00fcste (6 Tore), u.a. bei WM 2026 in Nordamerika <a href=\"https:\/\/x.com\/SkySportAustria?ref_src=twsrc%5Etfw\" rel=\"nofollow\">@SkySportAustria<\/a> (w\/) <a href=\"https:\/\/x.com\/Santi_J_FM?ref_src=twsrc%5Etfw\" rel=\"nofollow\">@Santi_J_FM<\/a> \ud83c\udde8\ud83c\uddee <a href=\"https:\/\/t.co\/BX9ioGgGy8\" rel=\"nofollow\">pic.twitter.com\/BX9ioGgGy8<\/a><\/p>\n<p>\u2014 Eric Niederseer (@Transferic_Sky) <a href=\"https:\/\/x.com\/Transferic_Sky\/status\/2095209275953979665?ref_src=twsrc%5Etfw\" rel=\"nofollow\">September 2, 2026<\/a><\/p>\n<p>Geht W\u0142odarczyk?<\/p>\n<p>Durch den Neuzugang k\u00f6nnte sich auch auf der Abgangsseite bei den Grazern noch etwas tun. Offensivspieler Szymon W\u0142odarczyk <a href=\"https:\/\/www.skysportaustria.at\/nach-malone-abgang-verkauft-sturm-den-naechsten-stuermer\/\" rel=\"nofollow noopener\" target=\"_blank\">k\u00f6nnte den Verein demnach noch verlassen<\/a>.<\/p>\n<p><a class=\"ad-msg\" href=\"https:\/\/www.sky.at\/angebote?wkz=AWDSL24&amp;eml=atbac:2026_Sky_Trade_Sport_SSA_Textlink\" target=\"_blank\" rel=\"nofollow noopener\"><img loading=\"lazy\" decoding=\"async\" width=\"640\" height=\"213\" src=\"https:\/\/www.europesays.com\/at\/wp-content\/uploads\/2026\/09\/1788378975_289_Sport_Kampagne_900x300.jpg\" class=\"ad-msg__image ad-msg__image--mobile\" alt=\"Werbung\"  \/><\/a><br \/>\n\t<script async src=\"https:\/\/platform.twitter.com\/widgets.js\" charset=\"utf-8\"><\/script><\/p>\n","protected":false},"excerpt":{"rendered":"Vizemeister Sturm Graz wird nach Sky-Informationen noch einmal am Transfermarkt aktiv. Die Grazer verpflichten Oumar Diakite von Stade&hellip;\n","protected":false},"author":2,"featured_media":371431,"comment_status":"","ping_status":"","sticky":false,"template":"","format":"standard","meta":{"footnotes":"","_share_on_mastodon":"0"},"categories":[29],"tags":[46,42,183,44,92927,4246],"class_list":["post-371430","post","type-post","status-publish","format-standard","has-post-thumbnail","category-graz","tag-at","tag-austria","tag-graz","tag-oesterreich","tag-oumar-diakite","tag-sturm-graz"],"share_on_mastodon":{"url":"https:\/\/pubeurope.com\/@at\/117203212196550607","error":""},"_links":{"self":[{"href":"https:\/\/www.europesays.com\/at\/wp-json\/wp\/v2\/posts\/371430","targetHints":{"allow":["GET"]}}],"collection":[{"href":"https:\/\/www.europesays.com\/at\/wp-json\/wp\/v2\/posts"}],"about":[{"href":"https:\/\/www.europesays.com\/at\/wp-json\/wp\/v2\/types\/post"}],"author":[{"embeddable":true,"href":"https:\/\/www.europesays.com\/at\/wp-json\/wp\/v2\/users\/2"}],"replies":[{"embeddable":true,"href":"https:\/\/www.europesays.com\/at\/wp-json\/wp\/v2\/comments?post=371430"}],"version-history":[{"count":0,"href":"https:\/\/www.europesays.com\/at\/wp-json\/wp\/v2\/posts\/371430\/revisions"}],"wp:featuredmedia":[{"embeddable":true,"href":"https:\/\/www.europesays.com\/at\/wp-json\/wp\/v2\/media\/371431"}],"wp:attachment":[{"href":"https:\/\/www.europesays.com\/at\/wp-json\/wp\/v2\/media?parent=371430"}],"wp:term":[{"taxonomy":"category","embeddable":true,"href":"https:\/\/www.europesays.com\/at\/wp-json\/wp\/v2\/categories?post=371430"},{"taxonomy":"post_tag","embeddable":true,"href":"https:\/\/www.europesays.com\/at\/wp-json\/wp\/v2\/tags?post=371430"}],"curies":[{"name":"wp","href":"https:\/\/api.w.org\/{rel}","templated":true}]}}