{"id":371440,"date":"2026-09-02T20:05:21","date_gmt":"2026-09-02T20:05:21","guid":{"rendered":"https:\/\/www.europesays.com\/at\/371440\/"},"modified":"2026-09-02T20:05:21","modified_gmt":"2026-09-02T20:05:21","slug":"michael-sollbauer-verlaesst-die-sv-oberbank-ried-und-wechselt-innerhalb-der-bundesliga","status":"publish","type":"post","link":"https:\/\/www.europesays.com\/at\/371440\/","title":{"rendered":"Michael Sollbauer verl\u00e4sst die SV Oberbank Ried und wechselt innerhalb der Bundesliga"},"content":{"rendered":"<p>\t\t\t\t\t\t\t\t\t\t\t\t\t\t\t <img decoding=\"async\" src=\"https:\/\/www.europesays.com\/at\/wp-content\/uploads\/2026\/09\/gak.png\" alt=\"\"\/> <\/p>\n<p>\t\t\t\t\t\t\t\t\t\t\t\t\t\t\t <img decoding=\"async\" src=\"https:\/\/www.europesays.com\/at\/wp-content\/uploads\/2026\/09\/1788379521_414_sv-ried.jpg\" alt=\"\"\/> <\/p>\n<p>Der <a href=\"https:\/\/ticker.ligaportal.at\/mannschaft\/2278\/gak-1902\" rel=\"nofollow noopener\" target=\"_blank\">GAK 1902<\/a> sichert sich \u00f6sterreichische Routine f\u00fcr die Abwehrreihe: Michael Sollbauer wechselt von der <a href=\"https:\/\/ticker.ligaportal.at\/mannschaft\/1723\/sv-ried\" rel=\"nofollow noopener\" target=\"_blank\">SV Oberbank Ried<\/a> zu den Athletikern und soll der Hintermannschaft der Athletiker zus\u00e4tzliche Stabilit\u00e4t und F\u00fchrungsqualit\u00e4t verleihen. Der geb\u00fcrtige K\u00e4rntner blickt auf eine eindrucksvolle Laufbahn mit weit \u00fcber 400 Profieins\u00e4tzen im In- und Ausland zur\u00fcck.<\/p>\n<p><img decoding=\"async\" src=\"https:\/\/www.europesays.com\/at\/wp-content\/uploads\/2026\/09\/sollbauer-michael-ried-vs-lask-14-02-2026-schroeckelsberger.jpg\" alt=\"\"\/><\/p>\n<p>Sollbauer bringt viel Erfahrung mit<\/p>\n<p>Seinen Durchbruch im Profifu\u00dfball feierte Sollbauer beim Wolfsberger AC, wo er \u00fcber viele Jahre als Kapit\u00e4n und Leistungstr\u00e4ger voranging. Seine konstant starken Leistungen \u00f6ffneten ihm auch die T\u00fcr ins Ausland: In England absolvierte er f\u00fcr den FC Barnsley \u00fcber 60 Pflichtspiele, ehe es ihn zum Traditionsklub Dynamo Dresden in die 2. Deutsche Bundesliga zog.<\/p>\n<p>Nach seiner R\u00fcckkehr nach \u00d6sterreich zog es ihn zum SK Rapid. Zuletzt war er f\u00fcr die SV Ried im Einsatz, wo er einen Vertrag bis Sommer 2027 hatte.\u00a0<\/p>\n<p>Mit seinen 1,87 Metern K\u00f6rpergr\u00f6\u00dfe bringt der Innenverteidiger genau die physische Pr\u00e4senz und Lufthoheit mit, die die Mannschaft im Abwehrzentrum verst\u00e4rkt.\u00a0<\/p>\n<p>Scheiblehner verspricht &#8222;zentrale Rolle als Leader&#8220;<\/p>\n<p>GAK-Cheftrainer Gerald Scheiblehner meint:\u00a0\u201eIch freue mich riesig, dass wir am Ende des Transferfensters diesen Transfer noch geschafft haben. Michael Sollbauer ist ein sehr erfahrener Spieler, der sich mit unserem Stil des Fu\u00dfballs wie wir ihn beim GAK k\u00fcnftig spielen wollen sehr gut identifizieren kann. Michael wird in dieser Mannschaft eine zentrale Rolle als Leader bekommen. Ein gro\u00dfer Vorteil ist, dass er topfit ist und ab sofort helfen wird. Vielen Dank auch an die Verantwortlichen der SV Ried, dass sie diesen Transfer m\u00f6glich gemacht haben.\u201c<\/p>\n<p>Interims-Sportdirektor Andreas Lienhart betont:\u00a0\u201eWir haben am Transfermarkt gezielt nach einer Pers\u00f6nlichkeit gesucht, die noch mehr Leadership-Mentalit\u00e4t in unsere Mannschaft bringt. Michael Sollbauer erf\u00fcllt dieses Profil perfekt. Er kennt die Liga in- und auswendig, verf\u00fcgt \u00fcber enorme Erfahrung aus Top-Ligen im Ausland und bringt genau die Mentalit\u00e4t mit, die wir in unserem Kader haben wollen. Wir freuen uns sehr, dass wir diesen Transfer gemeinsam realisieren konnten.\u201c<\/p>\n<p>Michael Sollbauer selbst sagt:\u00a0\u201eIch sp\u00fcre viel Vorfreude auf die neue Aufgabe beim GAK. Der Verein hat eine gro\u00dfeTradition und Fans, das macht nat\u00fcrlich Freude. Ich m\u00f6chte mit meiner Erfahrung vorangehen, der Abwehr Stabilit\u00e4t geben und meinen Teil dazu beitragen, dass wir gemeinsam eine erfolgreiche Saison spielen. Ich kann es kaum erwarten, das rote Trikot im Stadion zu tragen.\u201c<\/p>\n<p>\u201eSole war am sportlichen Erfolg der letzten beiden Jahre ma\u00dfgeblich beteiligt und ein wichtiger Teil der SVR-Familie. Daf\u00fcr geb\u00fchrt ihm gr\u00f6\u00dfte Wertsch\u00e4tzung. Im sportlichen Gesamtbild hat sich jetzt eine Situation ergeben, in welcher der Transfer zum GAK die beste L\u00f6sung f\u00fcr alle Seiten ist. Wir w\u00fcnschen Sole sportlich und pers\u00f6nlich nur das Beste!\u201c, betont SVR-Sportdirektor Lukas Brandl.<\/p>\n<p>Siehe auch:<\/p>\n<p class=\"mt-0 mb-1 text-darkblue\" itemprop=\"headline\"><a class=\"text-darkblue\" href=\"https:\/\/www.ligaportal.at\/bundesliga\/allgemein\/22336-sv-oberbank-ried-holt-erfahrenen-kroatischen-verteidiger\" rel=\"nofollow noopener\" target=\"_blank\">SV Oberbank Ried holt erfahrenen kroatischen Verteidiger<\/a><\/p>\n<p><a class=\"text-darkblue\" href=\"https:\/\/www.ligaportal.at\/bundesliga\/transfers\" rel=\"nofollow noopener\" target=\"_blank\">Transfers Bundesliga<\/a><\/p>\n<p>Foto: Schr\u00f6ckelsberger\/SVR<\/p>\n","protected":false},"excerpt":{"rendered":"Der GAK 1902 sichert sich \u00f6sterreichische Routine f\u00fcr die Abwehrreihe: Michael Sollbauer wechselt von der SV Oberbank Ried&hellip;\n","protected":false},"author":2,"featured_media":371441,"comment_status":"","ping_status":"","sticky":false,"template":"","format":"standard","meta":{"footnotes":"","_share_on_mastodon":"0"},"categories":[18],"tags":[46,42,676,112,22858,44,109,108,2279],"class_list":["post-371440","post","type-post","status-publish","format-standard","has-post-thumbnail","category-sport","tag-at","tag-austria","tag-bundesliga","tag-gak-1902","tag-michael-sollbauer","tag-oesterreich","tag-sport","tag-sports","tag-sv-oberbank-ried"],"share_on_mastodon":{"url":"https:\/\/pubeurope.com\/@at\/117203247593210550","error":""},"_links":{"self":[{"href":"https:\/\/www.europesays.com\/at\/wp-json\/wp\/v2\/posts\/371440","targetHints":{"allow":["GET"]}}],"collection":[{"href":"https:\/\/www.europesays.com\/at\/wp-json\/wp\/v2\/posts"}],"about":[{"href":"https:\/\/www.europesays.com\/at\/wp-json\/wp\/v2\/types\/post"}],"author":[{"embeddable":true,"href":"https:\/\/www.europesays.com\/at\/wp-json\/wp\/v2\/users\/2"}],"replies":[{"embeddable":true,"href":"https:\/\/www.europesays.com\/at\/wp-json\/wp\/v2\/comments?post=371440"}],"version-history":[{"count":0,"href":"https:\/\/www.europesays.com\/at\/wp-json\/wp\/v2\/posts\/371440\/revisions"}],"wp:featuredmedia":[{"embeddable":true,"href":"https:\/\/www.europesays.com\/at\/wp-json\/wp\/v2\/media\/371441"}],"wp:attachment":[{"href":"https:\/\/www.europesays.com\/at\/wp-json\/wp\/v2\/media?parent=371440"}],"wp:term":[{"taxonomy":"category","embeddable":true,"href":"https:\/\/www.europesays.com\/at\/wp-json\/wp\/v2\/categories?post=371440"},{"taxonomy":"post_tag","embeddable":true,"href":"https:\/\/www.europesays.com\/at\/wp-json\/wp\/v2\/tags?post=371440"}],"curies":[{"name":"wp","href":"https:\/\/api.w.org\/{rel}","templated":true}]}}