{"id":371442,"date":"2026-09-02T20:06:20","date_gmt":"2026-09-02T20:06:20","guid":{"rendered":"https:\/\/www.europesays.com\/at\/371442\/"},"modified":"2026-09-02T20:06:20","modified_gmt":"2026-09-02T20:06:20","slug":"bepicolombo-sonde-kommt-raetselhaftem-merkur-nahe-noen-at-niederoesterreichische-nachrichten","status":"publish","type":"post","link":"https:\/\/www.europesays.com\/at\/371442\/","title":{"rendered":"BepiColombo-Sonde kommt &quot;r\u00e4tselhaftem Merkur&quot; nahe &#8211; N\u00d6N.at &#8211; Nieder\u00f6sterreichische Nachrichten"},"content":{"rendered":"<p><a href=\"https:\/\/news.google.com\/rss\/articles\/CBMilAFBVV95cUxQUVdaUlVvdnFTNUN2WnpmcEprc3FhQWlQcG9uaHlFNC0yZXdZV0U3Z0VlaTNSd2ZBNEJ1ZVJWak1NT3RjZXVFYmtNSnR6UDlON0NRWEVoa2RaZVVmQXdwNmNaLTFJX1c0c0FEaHpZMm04bG5hZ21WRHZpNThmRGZhbXlyOWZfV0FWc3JmNEJfWVEzX3FU?oc=5\" target=\"_blank\" rel=\"nofollow noopener\">BepiColombo-Sonde kommt &#8222;r\u00e4tselhaftem Merkur&#8220; nahe<\/a>&nbsp;&nbsp;N\u00d6N.at &#8211; Nieder\u00f6sterreichische Nachrichten<a href=\"https:\/\/news.google.com\/rss\/articles\/CBMiogFBVV95cUxQUWZ6ZXNzTTdYOWNiU1JpOVZ6LW1mVm9ScEpxajk2LVJQcFUwOVFaR0RGZjhZa2NDNHA5S1cyOGlKZkpmR3FnTWNPQ3RNemNFZ2I5b1pSMTRRclFteTREaVF3Zi1kZldzdF9yUEk2TVhpbjZpSVRwS3dGT2YzRmlMcGh5MG0zbVV3dVN3LVAzTEJydnlBNkFabE01S081aUZpamc?oc=5\" target=\"_blank\" rel=\"nofollow noopener\">Ankunft beim schwierigsten Planeten des Sonnensystems<\/a>&nbsp;&nbsp;Der Standard<a href=\"https:\/\/news.google.com\/rss\/articles\/CBMigwFBVV95cUxPVkdxMmd3QWx6TTJhRHZMd1lqVGVjT0c0OFppaW9GZGNDLWNtaUlVaXp0MWdTNjVlZW9laldEVGlxejFka2JiX2dzNlltTmNYNEtja0x5VldWM2tHZjVNaHo3NUFKcU1RQy0wenkzWVUwNklGbU9NQk9JLVF1Wk8wb3lzTQ?oc=5\" target=\"_blank\" rel=\"nofollow noopener\">BepiColombo-Sonde kommt am &#8222;r\u00e4tselhaften Merkur&#8220; an<\/a>&nbsp;&nbsp;News.at<a href=\"https:\/\/news.google.com\/rss\/articles\/CBMilwFBVV95cUxPSkRNTDZkQ0lVUWFQZmpNQ2p6QU93dzcxX1RvOXhFa0liX3lTV25KYzBLcWpKXzFoWkNyNUg2QU1raldaelM1MGk3WnNvYU9sckFPZG1ZcGM4XzNqajYzVGF6LU5aLU02X3ZQQXYxVjVibUhuMktVVDZnVXZ0SVl3UzFsVTBQUzYybzRQMm9EaVFXcFFPMV9r?oc=5\" target=\"_blank\" rel=\"nofollow noopener\">Raumsnde mit Schweizer Technik startet entscheidende Phase am Merkur<\/a>&nbsp;&nbsp;Der Bund<a href=\"https:\/\/news.google.com\/rss\/articles\/CBMigwFBVV95cUxQdUZVbjdjRG5KdnUtSlZTUWJoWndMMFVaLU5aVzZIczZjVUZBS2JCaUdOejZqQ0hSMWUweHczQlBxLWF2bTFJNkJ0aXo5WlhkaEw4ejBGN0c4Q29BcGVVc0hqaVpJSU9hcldPSkNWRFp3ZWZOaUxGakRXV0tCeTF5cXptdw?oc=5\" target=\"_blank\" rel=\"nofollow noopener\">BepiColombo-Sonde n\u00e4hert sich dem r\u00e4tselhaften Merkur<\/a>&nbsp;&nbsp;VOL.AT<\/p>\n","protected":false},"excerpt":{"rendered":"BepiColombo-Sonde kommt &#8222;r\u00e4tselhaftem Merkur&#8220; nahe&nbsp;&nbsp;N\u00d6N.at &#8211; Nieder\u00f6sterreichische NachrichtenAnkunft beim schwierigsten Planeten des Sonnensystems&nbsp;&nbsp;Der StandardBepiColombo-Sonde kommt am &#8222;r\u00e4tselhaften Merkur&#8220;&hellip;\n","protected":false},"author":2,"featured_media":371443,"comment_status":"","ping_status":"","sticky":false,"template":"","format":"standard","meta":{"footnotes":"","_share_on_mastodon":"0"},"categories":[16],"tags":[277,699,46,42,9866,11224,44,11396,97,96,116,101,98,182,100,99],"class_list":["post-371442","post","type-post","status-publish","format-standard","has-post-thumbnail","category-wissenschaft-technik","tag-_apafeed","tag-astronomie","tag-at","tag-austria","tag-esa","tag-luft-und-raumfahrttechnik","tag-oesterreich","tag-raumfahrt","tag-science","tag-science-technology","tag-steiermark","tag-technik","tag-technology","tag-wien","tag-wissenschaft","tag-wissenschaft-technik"],"share_on_mastodon":{"url":"https:\/\/pubeurope.com\/@at\/117203250835816824","error":""},"_links":{"self":[{"href":"https:\/\/www.europesays.com\/at\/wp-json\/wp\/v2\/posts\/371442","targetHints":{"allow":["GET"]}}],"collection":[{"href":"https:\/\/www.europesays.com\/at\/wp-json\/wp\/v2\/posts"}],"about":[{"href":"https:\/\/www.europesays.com\/at\/wp-json\/wp\/v2\/types\/post"}],"author":[{"embeddable":true,"href":"https:\/\/www.europesays.com\/at\/wp-json\/wp\/v2\/users\/2"}],"replies":[{"embeddable":true,"href":"https:\/\/www.europesays.com\/at\/wp-json\/wp\/v2\/comments?post=371442"}],"version-history":[{"count":0,"href":"https:\/\/www.europesays.com\/at\/wp-json\/wp\/v2\/posts\/371442\/revisions"}],"wp:featuredmedia":[{"embeddable":true,"href":"https:\/\/www.europesays.com\/at\/wp-json\/wp\/v2\/media\/371443"}],"wp:attachment":[{"href":"https:\/\/www.europesays.com\/at\/wp-json\/wp\/v2\/media?parent=371442"}],"wp:term":[{"taxonomy":"category","embeddable":true,"href":"https:\/\/www.europesays.com\/at\/wp-json\/wp\/v2\/categories?post=371442"},{"taxonomy":"post_tag","embeddable":true,"href":"https:\/\/www.europesays.com\/at\/wp-json\/wp\/v2\/tags?post=371442"}],"curies":[{"name":"wp","href":"https:\/\/api.w.org\/{rel}","templated":true}]}}