{"id":371450,"date":"2026-09-02T20:10:09","date_gmt":"2026-09-02T20:10:09","guid":{"rendered":"https:\/\/www.europesays.com\/at\/371450\/"},"modified":"2026-09-02T20:10:09","modified_gmt":"2026-09-02T20:10:09","slug":"ooe-museen-pruefen-schutz-fuer-kunstschaetze","status":"publish","type":"post","link":"https:\/\/www.europesays.com\/at\/371450\/","title":{"rendered":"O\u00d6-Museen pr\u00fcfen Schutz f\u00fcr Kunstsch\u00e4tze"},"content":{"rendered":"<p>Nach Juwelenraub<\/p>\n<p class=\"story-lead-text\">\n            Nach dem millionenschweren Juwelenraub im Wiener Museum f\u00fcr Angewandte Kunst (MAK) sind nun auch Museumsbetreiber in Ober\u00f6sterreich wachsam. Zwei M\u00e4nner spazierten vergangenen Donnerstag mit einem Hammer in das Wiener Museum, zerschlugen eine Vitrine und stahlen ein Diamantcollier. Doch auch in Ober\u00f6sterreich gibt es einige Kunstsch\u00e4tze.\n         <\/p>\n<p>\n         02.09.2026 19.24\n      <\/p>\n<p>\n         Online seit heute, 19.24 Uhr<\/p>\n<p>Werke von Egon Schiele und Gustav Klimt im Lentos Kunstmuseum, Gegenst\u00e4nde aus der Arch\u00e4ologie und der Fr\u00fchgeschichte im Linzer Schlossmuseum \u2013 Kunst, die von enormen Wert sind. Durch die Neuaufstellung im Schlossmuseum wurden auch diese jetzt speziell gesichert, sagt Alfred Weidinger, wissenschaftlicher Gesch\u00e4ftsf\u00fchrer der Landes-Kultur GmbH. \u201eEs gibt in der Tat einzelne Objekte, die einen besonderen Wert haben \u2013 aber bei weitem nicht so einen Wert, wie der in Wien.\u201c<\/p>\n<p>Schallmelder f\u00fcr Kunstsch\u00e4tze<\/p>\n<p>Die Kunstsch\u00e4tze werden in Vitrinen aufbewahrt und mit einem speziellen K\u00f6rperschallmelder ausgestattet. Schl\u00e4gt dieser Schallmelder an, ert\u00f6nt in jedem einzelnen Raum ein Alarm. \u201eUnsere Mitarbeiterinnen und Mitarbeiter sind nat\u00fcrlich darauf trainiert, dann sofort zu reagieren\u201c, so Weidinger.<\/p>\n<p>Schutz f\u00fcr Leihgaben meist sehr kostspielig<\/p>\n<p>Bei millionenschweren Leihgaben \u2013 so wie es beim Diamantenraub in Wien der Fall war \u2013 ist man in Ober\u00f6sterreich generell vorsichtig. Denn der Sicherheitsapparat, der daf\u00fcr n\u00f6tig ist, sei laut Weidinger sehr hoch und auch sehr kostspielig.<\/p>\n<p>Die T\u00e4ter in Wien sind nach wie vor auf der Flucht. Zuletzt ist heftige Kritik an den Sicherheitsvorkehrungen im Wiener Museum laut geworden.<\/p>\n","protected":false},"excerpt":{"rendered":"Nach Juwelenraub Nach dem millionenschweren Juwelenraub im Wiener Museum f\u00fcr Angewandte Kunst (MAK) sind nun auch Museumsbetreiber in&hellip;\n","protected":false},"author":2,"featured_media":371451,"comment_status":"","ping_status":"","sticky":false,"template":"","format":"standard","meta":{"footnotes":"","_share_on_mastodon":"0"},"categories":[6],"tags":[46,42,44,43,45],"class_list":["post-371450","post","type-post","status-publish","format-standard","has-post-thumbnail","category-oesterreich","tag-at","tag-austria","tag-oesterreich","tag-republic-of-austria","tag-republik-oesterreich"],"share_on_mastodon":{"url":"https:\/\/pubeurope.com\/@at\/117203267041255889","error":""},"_links":{"self":[{"href":"https:\/\/www.europesays.com\/at\/wp-json\/wp\/v2\/posts\/371450","targetHints":{"allow":["GET"]}}],"collection":[{"href":"https:\/\/www.europesays.com\/at\/wp-json\/wp\/v2\/posts"}],"about":[{"href":"https:\/\/www.europesays.com\/at\/wp-json\/wp\/v2\/types\/post"}],"author":[{"embeddable":true,"href":"https:\/\/www.europesays.com\/at\/wp-json\/wp\/v2\/users\/2"}],"replies":[{"embeddable":true,"href":"https:\/\/www.europesays.com\/at\/wp-json\/wp\/v2\/comments?post=371450"}],"version-history":[{"count":0,"href":"https:\/\/www.europesays.com\/at\/wp-json\/wp\/v2\/posts\/371450\/revisions"}],"wp:featuredmedia":[{"embeddable":true,"href":"https:\/\/www.europesays.com\/at\/wp-json\/wp\/v2\/media\/371451"}],"wp:attachment":[{"href":"https:\/\/www.europesays.com\/at\/wp-json\/wp\/v2\/media?parent=371450"}],"wp:term":[{"taxonomy":"category","embeddable":true,"href":"https:\/\/www.europesays.com\/at\/wp-json\/wp\/v2\/categories?post=371450"},{"taxonomy":"post_tag","embeddable":true,"href":"https:\/\/www.europesays.com\/at\/wp-json\/wp\/v2\/tags?post=371450"}],"curies":[{"name":"wp","href":"https:\/\/api.w.org\/{rel}","templated":true}]}}