{"id":371452,"date":"2026-09-02T20:11:16","date_gmt":"2026-09-02T20:11:16","guid":{"rendered":"https:\/\/www.europesays.com\/at\/371452\/"},"modified":"2026-09-02T20:11:16","modified_gmt":"2026-09-02T20:11:16","slug":"jetzt-live-mit-videos-bl-kracher-rb-salzburg-vs-sk-rapid","status":"publish","type":"post","link":"https:\/\/www.europesays.com\/at\/371452\/","title":{"rendered":"JETZT LIVE mit VIDEOS: BL-Kracher RB Salzburg vs. SK Rapid"},"content":{"rendered":"<p>\t\t\t\t\t\t\t\t\t\t\t\t\t\t\t <img decoding=\"async\" src=\"https:\/\/www.europesays.com\/at\/wp-content\/uploads\/2026\/09\/1788379874_64_red-bull-salzburg.png\" alt=\"\"\/> <\/p>\n<p>\t\t\t\t\t\t\t\t\t\t\t\t\t\t\t <img decoding=\"async\" src=\"https:\/\/www.europesays.com\/at\/wp-content\/uploads\/2026\/09\/1788379874_946_rapid-wien.png\" alt=\"\"\/> <\/p>\n<p>Schlager in Salzburg! Den Abschluss des verl\u00e4ngerten, vierten <a href=\"https:\/\/www.ligaportal.at\/bundesliga\/\" rel=\"nofollow noopener\" target=\"_blank\">Bundesliga<\/a>-Spieltags bestreiten die Top-Teams <a href=\"https:\/\/ticker.ligaportal.at\/mannschaft\/1729\/red-bull-salzburg\" rel=\"nofollow noopener\" target=\"_blank\">FC Red Bull Salzburg<\/a> und <a href=\"https:\/\/ticker.ligaportal.at\/mannschaft\/1724\/rapid-wien\" rel=\"nofollow noopener\" target=\"_blank\">SK Rapid<\/a> am Mittwochabend (ab 20:30 Uhr im <a href=\"https:\/\/ticker.ligaportal.at\/live-ticker\/1260155\/red-bull-salzburg-gegen-rapid-wien\" rel=\"nofollow noopener\" target=\"_blank\">Ligaportal-LIVETICKER<\/a>). Die R\u00f6hl-Sch\u00fctzlinge wollen ihrer gr\u00fcn-wei\u00dfen Unserie Abhilfe verschaffen, w\u00e4hrend die H\u00fctteldorfer die R\u00fcckkehr an den Tabellenthron jagen.\u00a0Ligaportal berichtet wie gewohnt LIVE\u00a0inklusive\u00a0VIDEO-HIGHLIGHTS im <a href=\"https:\/\/ticker.ligaportal.at\/live-ticker\/1260155\/red-bull-salzburg-gegen-rapid-wien\" rel=\"nofollow noopener\" target=\"_blank\">Ticker-Center<\/a> und in der kostenlosen\u00a0Ligaportal-App.<\/p>\n<p><img decoding=\"async\" src=\"https:\/\/www.europesays.com\/at\/wp-content\/uploads\/2026\/09\/rapid-fans-in-salzburg-lbp-media-lukas-biereder.jpg\" alt=\"rapid fans in salzburg lbp media lukas biereder\"\/><\/p>\n<p style=\"text-align: center;\"><a class=\"btn btn-primary btn-large\" href=\"https:\/\/ticker.ligaportal.at\/live-ticker\/1260155\/red-bull-salzburg-gegen-rapid-wien\" rel=\"nofollow noopener\" target=\"_blank\">Zum Live-Ticker: RB Salzburg vs. Rapid<\/a><\/p>\n<p>Wer bleibt in der BL ungeschlagen?<\/p>\n<p>Salzburg ist das einzige Team, das bewerbs\u00fcbergreifend noch ungeschlagen ist. In der Bundesliga lie\u00dfen die Roten Bullen bislang nur in Wolfsberg Punkte liegen, dazu gab es drei volle Erfolge. Eine breite Brust sollte nach dem souver\u00e4nen Einzug in die EL-Ligaphase und dem Heimsieg \u00fcber die Wiener Austria vorhanden sein.<\/p>\n<p>Gr\u00fcn-Wei\u00df erwischte einen makellosen Auftakt, ehe das Europacup-Aus einen Schatten auf den starken Saisonstart warf. Dennoch k\u00f6nnten die H\u00fctteldorfer, die am Wochenende Sturm mit 3:1 bezwungen haben, mit dem f\u00fcnften Sieg im f\u00fcnften Spiel wieder am LASK vorbeiziehen und an die Tabellenspitze vordringen. Drei 1:0-Siege gegen Salzburg am St\u00fcck geben Selbstvertrauen.<\/p>\n<p>Julian Biereder h\u00e4lt euch im <a href=\"https:\/\/ticker.ligaportal.at\/live-ticker\/1260155\/red-bull-salzburg-gegen-rapid-wien\" rel=\"nofollow noopener\" target=\"_blank\">Ticker<\/a>\u00a0live aus der Mozartstadt auf dem Laufenden. \u00d6ffne die Ligaportal-App, w\u00e4hle die &#8222;Admiral Bundesliga&#8220; aus und verfolge diesen Kracher\u00a0<a href=\"https:\/\/ticker.ligaportal.at\/live-ticker\/1260155\/red-bull-salzburg-gegen-rapid-wien\" rel=\"nofollow noopener\" target=\"_blank\">JETZT LIVE<\/a>.<\/p>\n<p>Die Aufstellungen<\/p>\n<p>FC Red Bull Salzburg\u00a0(4-2-3-1): Zawieschitzky &#8211; Schmid, Zabransky, Boma, Veratschnig &#8211; Mazurek, Barry &#8211; Vertessen, Kitano, Baidoo &#8211; Tabakovic.\u00a0Trainer: Danny R\u00f6hl.<\/p>\n<p>SK Rapid\u00a0(4-2-3-1): Hedl &#8211; Horn, Raux-Yao, Cvetkovic, Bolla &#8211; Bajlicz, Seidl &#8211; Haidara, Adamsen, Demir &#8211; Kara.\u00a0Trainer: Johannes Hoff Thorup.<\/p>\n<p style=\"text-align: center;\"><a class=\"btn btn-primary btn-large\" href=\"https:\/\/ticker.ligaportal.at\/live-ticker\/1260155\/red-bull-salzburg-gegen-rapid-wien\" rel=\"nofollow noopener\" target=\"_blank\">Zum Live-Ticker: RB Salzburg vs. Rapid<\/a><\/p>\n<p>Fotocredit: LBP Media \/ Lukas Biereder<\/p>\n","protected":false},"excerpt":{"rendered":"Schlager in Salzburg! Den Abschluss des verl\u00e4ngerten, vierten Bundesliga-Spieltags bestreiten die Top-Teams FC Red Bull Salzburg und SK&hellip;\n","protected":false},"author":2,"featured_media":371453,"comment_status":"","ping_status":"","sticky":false,"template":"","format":"standard","meta":{"footnotes":"","_share_on_mastodon":"0"},"categories":[8],"tags":[676,22873,40,41,1064,39,969,38],"class_list":["post-371452","post","type-post","status-publish","format-standard","has-post-thumbnail","category-nachrichten","tag-bundesliga","tag-ligaportal","tag-nachrichten","tag-news","tag-rb-salzburg","tag-schlagzeilen","tag-sk-rapid","tag-top-meldungen"],"share_on_mastodon":{"url":"https:\/\/pubeurope.com\/@at\/117203271326331832","error":""},"_links":{"self":[{"href":"https:\/\/www.europesays.com\/at\/wp-json\/wp\/v2\/posts\/371452","targetHints":{"allow":["GET"]}}],"collection":[{"href":"https:\/\/www.europesays.com\/at\/wp-json\/wp\/v2\/posts"}],"about":[{"href":"https:\/\/www.europesays.com\/at\/wp-json\/wp\/v2\/types\/post"}],"author":[{"embeddable":true,"href":"https:\/\/www.europesays.com\/at\/wp-json\/wp\/v2\/users\/2"}],"replies":[{"embeddable":true,"href":"https:\/\/www.europesays.com\/at\/wp-json\/wp\/v2\/comments?post=371452"}],"version-history":[{"count":0,"href":"https:\/\/www.europesays.com\/at\/wp-json\/wp\/v2\/posts\/371452\/revisions"}],"wp:featuredmedia":[{"embeddable":true,"href":"https:\/\/www.europesays.com\/at\/wp-json\/wp\/v2\/media\/371453"}],"wp:attachment":[{"href":"https:\/\/www.europesays.com\/at\/wp-json\/wp\/v2\/media?parent=371452"}],"wp:term":[{"taxonomy":"category","embeddable":true,"href":"https:\/\/www.europesays.com\/at\/wp-json\/wp\/v2\/categories?post=371452"},{"taxonomy":"post_tag","embeddable":true,"href":"https:\/\/www.europesays.com\/at\/wp-json\/wp\/v2\/tags?post=371452"}],"curies":[{"name":"wp","href":"https:\/\/api.w.org\/{rel}","templated":true}]}}