{"id":371460,"date":"2026-09-02T20:15:33","date_gmt":"2026-09-02T20:15:33","guid":{"rendered":"https:\/\/www.europesays.com\/at\/371460\/"},"modified":"2026-09-02T20:15:33","modified_gmt":"2026-09-02T20:15:33","slug":"dreijaehrige-grazerin-ueberlebte-sturz-aus-dem-fuenften-stock","status":"publish","type":"post","link":"https:\/\/www.europesays.com\/at\/371460\/","title":{"rendered":"Dreij\u00e4hrige Grazerin \u00fcberlebte Sturz aus dem f\u00fcnften Stock"},"content":{"rendered":"<p>        <img decoding=\"async\" src=\"https:\/\/www.europesays.com\/at\/wp-content\/uploads\/2026\/09\/63690011494831046_BLD_Online.jpg\" data-fullscreen-src=\"https:\/\/www.noen.at\/image\/3840x0-jpg\/6609727\/63690011494831046_BLD_Online.jpg\" bad-src=\"https:\/\/www.europesays.com\/at\/wp-content\/uploads\/2026\/09\/63690011494831046_BLD_Online.jpg\" data-teaser-member=\"image\" alt=\"Das M\u00e4dchen wurde ins Uniklinium Graz gebracht\"\/><\/p>\n<p>\n                Das M\u00e4dchen wurde ins Uniklinium Graz gebracht            <\/p>\n<p>\n                Foto:<br \/>\n                APA\/THEMENBILD                            <\/p>\n<p>\n        Eine Dreij\u00e4hrige hat Dienstagabend einen Sturz aus dem f\u00fcnften Stock im Stiegenhaus eines Mehrparteienhauses in Graz ohne schwere Verletzungen \u00fcberlebt. Ihre 13-j\u00e4hrige Schwester hatte sie auf den Arm genommen, um ihr w\u00e4hrend der Wartezeit auf den Lift den Blick nach unten \u00fcber das Gel\u00e4nder zu erm\u00f6glichen. Dabei d\u00fcrfte sich die Kleine so weit nach vorgezogen haben, dass sie aus den H\u00e4nden der Jugendlichen glitt. Das Kind st\u00fcrzte in ein Steinbeet, so die Polizei am Mittwoch.    <\/p>\n<p>Die Mutter hatte gegen 18.00 Uhr gemeinsam mit ihren beiden T\u00f6chtern im f\u00fcnften Stock auf den Lift gewartet, als die \u00e4ltere Schwester das Kleinkind hochhob. Beim Blick nach unten war das M\u00e4dchen aber pl\u00f6tzlich zu weit vorne und fiel hinunter. Das gerufene Rote Kreuz \u00fcbernahm die medizinische Erstversorgung des Kinds, das bei Bewusstsein war. Anschlie\u00dfend brachten die Rettungskr\u00e4fte die Kleine in die Kinderchirurgie des Uniklinikums Graz. Bei den ersten Untersuchungen stellten die \u00c4rztinnen und \u00c4rzte fest, dass die Dreij\u00e4hrige offenbar mit Blessuren davongekommen ist.<\/p>\n","protected":false},"excerpt":{"rendered":"Das M\u00e4dchen wurde ins Uniklinium Graz gebracht Foto: APA\/THEMENBILD Eine Dreij\u00e4hrige hat Dienstagabend einen Sturz aus dem f\u00fcnften&hellip;\n","protected":false},"author":2,"featured_media":371461,"comment_status":"","ping_status":"","sticky":false,"template":"","format":"standard","meta":{"footnotes":"","_share_on_mastodon":"0"},"categories":[29],"tags":[277,46,42,183,1250,8088,44,116],"class_list":["post-371460","post","type-post","status-publish","format-standard","has-post-thumbnail","category-graz","tag-_apafeed","tag-at","tag-austria","tag-graz","tag-kinder","tag-notfaelle","tag-oesterreich","tag-steiermark"],"share_on_mastodon":{"url":"https:\/\/pubeurope.com\/@at\/117203286779224740","error":""},"_links":{"self":[{"href":"https:\/\/www.europesays.com\/at\/wp-json\/wp\/v2\/posts\/371460","targetHints":{"allow":["GET"]}}],"collection":[{"href":"https:\/\/www.europesays.com\/at\/wp-json\/wp\/v2\/posts"}],"about":[{"href":"https:\/\/www.europesays.com\/at\/wp-json\/wp\/v2\/types\/post"}],"author":[{"embeddable":true,"href":"https:\/\/www.europesays.com\/at\/wp-json\/wp\/v2\/users\/2"}],"replies":[{"embeddable":true,"href":"https:\/\/www.europesays.com\/at\/wp-json\/wp\/v2\/comments?post=371460"}],"version-history":[{"count":0,"href":"https:\/\/www.europesays.com\/at\/wp-json\/wp\/v2\/posts\/371460\/revisions"}],"wp:featuredmedia":[{"embeddable":true,"href":"https:\/\/www.europesays.com\/at\/wp-json\/wp\/v2\/media\/371461"}],"wp:attachment":[{"href":"https:\/\/www.europesays.com\/at\/wp-json\/wp\/v2\/media?parent=371460"}],"wp:term":[{"taxonomy":"category","embeddable":true,"href":"https:\/\/www.europesays.com\/at\/wp-json\/wp\/v2\/categories?post=371460"},{"taxonomy":"post_tag","embeddable":true,"href":"https:\/\/www.europesays.com\/at\/wp-json\/wp\/v2\/tags?post=371460"}],"curies":[{"name":"wp","href":"https:\/\/api.w.org\/{rel}","templated":true}]}}