{"id":371484,"date":"2026-09-02T20:33:10","date_gmt":"2026-09-02T20:33:10","guid":{"rendered":"https:\/\/www.europesays.com\/at\/371484\/"},"modified":"2026-09-02T20:33:10","modified_gmt":"2026-09-02T20:33:10","slug":"fpoe-bringt-im-september-orf-volksbegehren-ein-orf","status":"publish","type":"post","link":"https:\/\/www.europesays.com\/at\/371484\/","title":{"rendered":"FP\u00d6 bringt im September ORF-Volksbegehren ein &#8211; ORF"},"content":{"rendered":"<p>Wien \u2013 Die Freiheitlichen nehmen weiterhin den \u00f6ffentlich-rechtlichen Rundfunk in die Zange: Parteichef Herbert Kickl k\u00fcndigte im &#8222;Sommergespr\u00e4ch&#8220; von oe24.tv am Mittwoch &#8222;ein gro\u00dfes ORF-Volksbegehren&#8220; an. Gefordert werden sollen darin &#8222;saubere Information&#8220;, ein &#8222;\u00f6sterreichisches Programm&#8220; sowie die Abschaffung von &#8222;Zwangsgeb\u00fchren&#8220;. Eingebracht werden soll das Volksbegehren noch im September, so Kickl.<\/p>\n","protected":false},"excerpt":{"rendered":"Wien \u2013 Die Freiheitlichen nehmen weiterhin den \u00f6ffentlich-rechtlichen Rundfunk in die Zange: Parteichef Herbert Kickl k\u00fcndigte im &#8222;Sommergespr\u00e4ch&#8220;&hellip;\n","protected":false},"author":2,"featured_media":371485,"comment_status":"","ping_status":"","sticky":false,"template":"","format":"standard","meta":{"footnotes":"","_share_on_mastodon":"0"},"categories":[6],"tags":[46,42,44,43,45],"class_list":["post-371484","post","type-post","status-publish","format-standard","has-post-thumbnail","category-oesterreich","tag-at","tag-austria","tag-oesterreich","tag-republic-of-austria","tag-republik-oesterreich"],"share_on_mastodon":{"url":"https:\/\/pubeurope.com\/@at\/117203357748958849","error":""},"_links":{"self":[{"href":"https:\/\/www.europesays.com\/at\/wp-json\/wp\/v2\/posts\/371484","targetHints":{"allow":["GET"]}}],"collection":[{"href":"https:\/\/www.europesays.com\/at\/wp-json\/wp\/v2\/posts"}],"about":[{"href":"https:\/\/www.europesays.com\/at\/wp-json\/wp\/v2\/types\/post"}],"author":[{"embeddable":true,"href":"https:\/\/www.europesays.com\/at\/wp-json\/wp\/v2\/users\/2"}],"replies":[{"embeddable":true,"href":"https:\/\/www.europesays.com\/at\/wp-json\/wp\/v2\/comments?post=371484"}],"version-history":[{"count":0,"href":"https:\/\/www.europesays.com\/at\/wp-json\/wp\/v2\/posts\/371484\/revisions"}],"wp:featuredmedia":[{"embeddable":true,"href":"https:\/\/www.europesays.com\/at\/wp-json\/wp\/v2\/media\/371485"}],"wp:attachment":[{"href":"https:\/\/www.europesays.com\/at\/wp-json\/wp\/v2\/media?parent=371484"}],"wp:term":[{"taxonomy":"category","embeddable":true,"href":"https:\/\/www.europesays.com\/at\/wp-json\/wp\/v2\/categories?post=371484"},{"taxonomy":"post_tag","embeddable":true,"href":"https:\/\/www.europesays.com\/at\/wp-json\/wp\/v2\/tags?post=371484"}],"curies":[{"name":"wp","href":"https:\/\/api.w.org\/{rel}","templated":true}]}}