{"id":371486,"date":"2026-09-02T20:34:11","date_gmt":"2026-09-02T20:34:11","guid":{"rendered":"https:\/\/www.europesays.com\/at\/371486\/"},"modified":"2026-09-02T20:34:11","modified_gmt":"2026-09-02T20:34:11","slug":"offiziell-sturm-graz-holt-angreifer-diakite","status":"publish","type":"post","link":"https:\/\/www.europesays.com\/at\/371486\/","title":{"rendered":"Offiziell: Sturm Graz holt Angreifer Diakit\u00e9"},"content":{"rendered":"<p>\t\t\t02.09.2026, 21:41<br \/>\n\t\t\t\t\t\t\t\t\t\t\t\t\u2022<\/p>\n<p>(Red.) \/ Bild: SK Sturm Graz<\/p>\n<p>Oumar Diakit\u00e9 wechselt per Leihe vom franz\u00f6sischen Klub Stade Reims zum SK Sturm Graz. Die Leihe l\u00e4uft bis Sommer 2027, der Vizemeister hat zus\u00e4tzlich die Option auf eine feste Verpflichtung.<\/p>\n<p><a href=\"https:\/\/www.skysportaustria.at\/sky-info-sturm-graz-verpflichtet-wm-stuermer\/\" rel=\"nofollow noopener\" target=\"_blank\">Sky berichtete \u00fcber den Transfer<\/a>. Der 22\u2011j\u00e4hrige St\u00fcrmer soll die Offensive des <a href=\"https:\/\/www.skysportaustria.at\/fussball\/admiral-bundesliga\/sk-sturm-graz\/\" rel=\"nofollow noopener\" target=\"_blank\">SK Sturm<\/a> verst\u00e4rken. Diakit\u00e9 war zuletzt an Cercle Br\u00fcgge verliehen, dort erzielte er in 26 Eins\u00e4tzen sieben Tore und bereitete zwei weitere vor.<\/p>\n<p>Insgesamt kann der Angreifer 54 Eins\u00e4tze in der franz\u00f6sischen Ligue 1 vorweisen.<\/p>\n<p>Parensen: \u201eHaben Diakit\u00e9 schon lange am Schirm\u201c<\/p>\n<p>Diakit\u00e9 ist 31\u2011facher Nationalspieler der Elfenbeink\u00fcste und erzielte bislang sechs L\u00e4nderspieltore. In seiner bisherigen Karriere gewann er zudem den Afrika Cup und nahm an der WM 2026 teil.<\/p>\n<p>\u201eDiakit\u00e9 ist ein Spieler, den wir schon lange am Schirm haben und mit dem wir bereits im vergangenen Sommer sehr gute Gespr\u00e4che gef\u00fchrt hatten. Oumar bringt eine hervorragende Mentalit\u00e4t und Einstellung mit, verf\u00fcgt \u00fcber sehr gute Physis und viel Tempo, arbeitet stark gegen den Ball und bewegt sich gut zwischen den Linien\u201c, meint Sturm-Gesch\u00e4ftsf\u00fchrer Michael Parensen \u00fcber die Verpflichtung.<\/p>\n<p>Geht W\u0142odarczyk?<\/p>\n<p>Durch den Neuzugang k\u00f6nnte sich auch auf der Abgangsseite bei den Grazern noch etwas tun. Offensivspieler Szymon W\u0142odarczyk <a href=\"https:\/\/www.skysportaustria.at\/nach-malone-abgang-verkauft-sturm-den-naechsten-stuermer\/\" rel=\"nofollow noopener\" target=\"_blank\">k\u00f6nnte den Verein demnach noch verlassen<\/a>.<\/p>\n<p><a class=\"ad-msg\" href=\"https:\/\/www.sky.at\/angebote?wkz=AWDSL24&amp;eml=atbac:2026_Sky_Trade_Sport_SSA_Textlink\" target=\"_blank\" rel=\"nofollow noopener\"><img loading=\"lazy\" decoding=\"async\" width=\"640\" height=\"213\" src=\"https:\/\/www.europesays.com\/at\/wp-content\/uploads\/2026\/09\/1788381251_243_Sport_Kampagne_900x300.jpg\" class=\"ad-msg__image ad-msg__image--mobile\" alt=\"Werbung\"  \/><\/a><\/p>\n","protected":false},"excerpt":{"rendered":"02.09.2026, 21:41 \u2022 (Red.) \/ Bild: SK Sturm Graz Oumar Diakit\u00e9 wechselt per Leihe vom franz\u00f6sischen Klub Stade&hellip;\n","protected":false},"author":2,"featured_media":371487,"comment_status":"","ping_status":"","sticky":false,"template":"","format":"standard","meta":{"footnotes":"","_share_on_mastodon":"0"},"categories":[8],"tags":[40,41,39,4246,38],"class_list":["post-371486","post","type-post","status-publish","format-standard","has-post-thumbnail","category-nachrichten","tag-nachrichten","tag-news","tag-schlagzeilen","tag-sturm-graz","tag-top-meldungen"],"share_on_mastodon":{"url":"https:\/\/pubeurope.com\/@at\/117203361589993257","error":""},"_links":{"self":[{"href":"https:\/\/www.europesays.com\/at\/wp-json\/wp\/v2\/posts\/371486","targetHints":{"allow":["GET"]}}],"collection":[{"href":"https:\/\/www.europesays.com\/at\/wp-json\/wp\/v2\/posts"}],"about":[{"href":"https:\/\/www.europesays.com\/at\/wp-json\/wp\/v2\/types\/post"}],"author":[{"embeddable":true,"href":"https:\/\/www.europesays.com\/at\/wp-json\/wp\/v2\/users\/2"}],"replies":[{"embeddable":true,"href":"https:\/\/www.europesays.com\/at\/wp-json\/wp\/v2\/comments?post=371486"}],"version-history":[{"count":0,"href":"https:\/\/www.europesays.com\/at\/wp-json\/wp\/v2\/posts\/371486\/revisions"}],"wp:featuredmedia":[{"embeddable":true,"href":"https:\/\/www.europesays.com\/at\/wp-json\/wp\/v2\/media\/371487"}],"wp:attachment":[{"href":"https:\/\/www.europesays.com\/at\/wp-json\/wp\/v2\/media?parent=371486"}],"wp:term":[{"taxonomy":"category","embeddable":true,"href":"https:\/\/www.europesays.com\/at\/wp-json\/wp\/v2\/categories?post=371486"},{"taxonomy":"post_tag","embeddable":true,"href":"https:\/\/www.europesays.com\/at\/wp-json\/wp\/v2\/tags?post=371486"}],"curies":[{"name":"wp","href":"https:\/\/api.w.org\/{rel}","templated":true}]}}