{"id":371516,"date":"2026-09-02T20:53:15","date_gmt":"2026-09-02T20:53:15","guid":{"rendered":"https:\/\/www.europesays.com\/at\/371516\/"},"modified":"2026-09-02T20:53:15","modified_gmt":"2026-09-02T20:53:15","slug":"51-fc-red-bull-salzburg-stoppt-in-wien-woche-rapid-siegeszug","status":"publish","type":"post","link":"https:\/\/www.europesays.com\/at\/371516\/","title":{"rendered":"5:1! FC Red Bull Salzburg stoppt in &#8222;Wien-Woche&#8220; Rapid-Siegeszug"},"content":{"rendered":"<p>\t\t\t\t\t\t\t\t\t\t\t\t\t\t\t <img decoding=\"async\" src=\"https:\/\/www.europesays.com\/at\/wp-content\/uploads\/2026\/09\/1788382392_779_red-bull-salzburg.png\" alt=\"\"\/> <\/p>\n<p>\t\t\t\t\t\t\t\t\t\t\t\t\t\t\t <img decoding=\"async\" src=\"https:\/\/www.europesays.com\/at\/wp-content\/uploads\/2026\/09\/1788382393_176_rapid-wien.png\" alt=\"\"\/> <\/p>\n<p>Kracher zum Kehraus des zweigeteilten, vierten Spieltags zwischen dem bewerbs\u00fcbergreifend noch ungeschlagenen <a href=\"https:\/\/ticker.ligaportal.at\/mannschaft\/1729\/red-bull-salzburg\" rel=\"nofollow noopener\" target=\"_blank\">FC Red Bull Salzburg<\/a> und dem in der <a href=\"https:\/\/www.ligaportal.at\/bundesliga\" rel=\"nofollow noopener\" target=\"_blank\">Bundesliga<\/a> weiterhin makellosen <a href=\"https:\/\/ticker.ligaportal.at\/mannschaft\/1724\/rapid-wien\" rel=\"nofollow noopener\" target=\"_blank\">SK Rapid<\/a>. Am Wochenende hatten die Mozartst\u00e4dter Part eins des &#8222;Wien-Doppels&#8220; gegen die Austria gewonnen und stoppten nun beim glasklaren\u00a05:1-Heimerfolg auch deren gr\u00fcn-wei\u00dfen Rivalen.<\/p>\n<p><img decoding=\"async\" src=\"https:\/\/www.europesays.com\/at\/wp-content\/uploads\/2026\/09\/jubel-rb-salzburg-vs-sk-rapid-02-09-2026-lbp-media-lukas-biereder.jpg\" alt=\"jubel rb salzburg vs sk rapid 02 09 2026 lbp media lukas biereder\"\/><\/p>\n<p>Salzburg siegt weiter und prescht an Rapid vorbei auf Rang zwei.<\/p>\n<p>Salzburger Sturmlauf<\/p>\n<p>Der einstige Serienmeister erwischte dank Torgarant Tabakovic einen Traumstart: Kitano bediente den blanken Bosnier, der nach einem klugen Haken hoch zum 1:0 einschoss (2.). Daraufhin kam Gr\u00fcn-Wei\u00df zu ersten Nadelstichen, ehe Bullen-Kapit\u00e4n Veratschnig das Leder nach einem Gewusel am F\u00fcnfer unter die Querlatte drosch (15.) und Tabakovic infolge eines Mazurek-Abspiels platziert ins rechte Eck traf (21.).<\/p>\n<p>Der Drei-Tore-R\u00fcckstand gleich f\u00fcr die H\u00fctteldorfer nat\u00fcrlich einem Himmelfahrtskommando. Tabakovic schnupperte nach einer Freisto\u00df-Flanke am Triplepack, stand allerdings am zweiten Pfosten nicht nur mutterseelenallein, sondern auch hauchzart im Abseits (26.). Hedl verhindert gegen Kitano den vierten Einschlag (33.), dennoch f\u00fchrten die eiskalten Mozartst\u00e4dter zur Pause haushoch.<\/p>\n<p><img decoding=\"async\" src=\"https:\/\/www.europesays.com\/at\/wp-content\/uploads\/2026\/09\/bajlicz-nicolas-sk-rapid-in-salzburg-02-09-2026-lbp-media-lukas-biereder.jpg\" alt=\"bajlicz nicolas sk rapid in salzburg 02 09 2026 lbp media lukas biereder\"\/><\/p>\n<p>Gebraucher Abend f\u00fcr Rapid-R\u00fcckkehrer Bajlicz und Gr\u00fcn-Wei\u00df.<\/p>\n<p>Topspiel steht drauf, Topspiel ist drin<\/p>\n<p>Nach Wiederbeginn ging die Schlittenfahrt f\u00fcr das Thorup-Team schonungslos weiter: Mazurek legte ab f\u00fcr Baidoo, der von knapp vor der 16er-Kante auf 4:0 stellte (46.). Gegen\u00fcber entsandte Rapid-Kapit\u00e4n Seidl mit einem hervorragenden Distanzschuss ins rechte Eck ein gr\u00fcn-wei\u00dfes Lebenszeichen (51.).<\/p>\n<p>Das Tempo lie\u00df folglich etwas nach, der Unterhaltungswert blieb ansehnlich: Salzburgs Kitano scheiterte am Geb\u00e4lk (53.), w\u00e4hrend Seidl vis a vis das rechte Eck hauchzart verfehlte (62.). Joker Konate rollte Hedl das Leder nach einem hohen Ballgewinn in die Arme (75.), auch Veratschnig bekam den Rapid-R\u00fcckhalt kein zweites Mal bezwungen (82.) und Camara schoss freistehend \u00fcber das Ziel (88.). Letztendlich war es aber doch Konate, der das Spielger\u00e4t nach einem Aguilar-Stanglpass zum 5:1-Endstand \u00fcber die Linie gr\u00e4tschte (90.).<\/p>\n<p><a href=\"https:\/\/www.ligaportal.at\/bundesliga\/\" rel=\"nofollow noopener\" target=\"_blank\">4. Runde, Bundesliga<\/a><\/p>\n<p>FC Red Bull Salzburg 5:1 (3:0) SK Rapid<\/p>\n<p>Mittwoch, 02.09.2026, 20:30 Uhr, Red Bull Arena, Wals-Siezenheim, Z: 12.153, SR: Jakob Semler\/Steiermark.<\/p>\n<p>FC Red Bull Salzburg\u00a0(4-2-3-1): Zawieschitzky &#8211; Schmid, Zabransky, Boma, Veratschnig &#8211; Mazurek, Barry &#8211; Vertessen (60. Camara), Kitano (68. Tohumcu), Baidoo (84. Aguilar) &#8211; Tabakovic (60. Konate).\u00a0Trainer: Danny R\u00f6hl.<\/p>\n<p>SK Rapid\u00a0(4-2-3-1): Hedl &#8211; Horn (46. Roka), Raux-Yao, Cvetkovic, Bolla &#8211; Bajlicz (85. Schaub), Seidl &#8211; Haidara (74. Tilio), Adamsen (74. Wurmbrand), Demir &#8211; Kara (46. Dahl).\u00a0Trainer: Johannes Hoff Thorup.<\/p>\n<p>Torfolge: 1:0 Tabakovic (4.), 2:0 Veratschnig (15.), 3:0 Tabakovic (21.), 4:0 Baidoo (46.), 4:1 Seidl (51.), 5:1 Konate (90.).<\/p>\n<p>Gelbe Karten: R\u00f6hl (78., Trainer, SR-Kritk) bzw. Cvetkovic (69., Foulspiel).<\/p>\n<p>SPIELFILM mit VIDEO-HIGHLIGHTS im <a href=\"https:\/\/ticker.ligaportal.at\/live-ticker\/1260155\/red-bull-salzburg-gegen-rapid-wien\" rel=\"nofollow noopener\" target=\"_blank\">Ligaportal-LIVETICKER<\/a><\/p>\n<p>Fotocredit: LBP Media \/ Lukas Biereder<\/p>\n","protected":false},"excerpt":{"rendered":"Kracher zum Kehraus des zweigeteilten, vierten Spieltags zwischen dem bewerbs\u00fcbergreifend noch ungeschlagenen FC Red Bull Salzburg und dem&hellip;\n","protected":false},"author":2,"featured_media":371517,"comment_status":"","ping_status":"","sticky":false,"template":"","format":"standard","meta":{"footnotes":"","_share_on_mastodon":"0"},"categories":[8],"tags":[676,1061,40,41,39,969,70806,38],"class_list":["post-371516","post","type-post","status-publish","format-standard","has-post-thumbnail","category-nachrichten","tag-bundesliga","tag-fc-red-bull-salzburg","tag-nachrichten","tag-news","tag-schlagzeilen","tag-sk-rapid","tag-tabakovic","tag-top-meldungen"],"share_on_mastodon":{"url":"https:\/\/pubeurope.com\/@at\/117203436556536481","error":""},"_links":{"self":[{"href":"https:\/\/www.europesays.com\/at\/wp-json\/wp\/v2\/posts\/371516","targetHints":{"allow":["GET"]}}],"collection":[{"href":"https:\/\/www.europesays.com\/at\/wp-json\/wp\/v2\/posts"}],"about":[{"href":"https:\/\/www.europesays.com\/at\/wp-json\/wp\/v2\/types\/post"}],"author":[{"embeddable":true,"href":"https:\/\/www.europesays.com\/at\/wp-json\/wp\/v2\/users\/2"}],"replies":[{"embeddable":true,"href":"https:\/\/www.europesays.com\/at\/wp-json\/wp\/v2\/comments?post=371516"}],"version-history":[{"count":0,"href":"https:\/\/www.europesays.com\/at\/wp-json\/wp\/v2\/posts\/371516\/revisions"}],"wp:featuredmedia":[{"embeddable":true,"href":"https:\/\/www.europesays.com\/at\/wp-json\/wp\/v2\/media\/371517"}],"wp:attachment":[{"href":"https:\/\/www.europesays.com\/at\/wp-json\/wp\/v2\/media?parent=371516"}],"wp:term":[{"taxonomy":"category","embeddable":true,"href":"https:\/\/www.europesays.com\/at\/wp-json\/wp\/v2\/categories?post=371516"},{"taxonomy":"post_tag","embeddable":true,"href":"https:\/\/www.europesays.com\/at\/wp-json\/wp\/v2\/tags?post=371516"}],"curies":[{"name":"wp","href":"https:\/\/api.w.org\/{rel}","templated":true}]}}