{"id":371524,"date":"2026-09-02T20:57:07","date_gmt":"2026-09-02T20:57:07","guid":{"rendered":"https:\/\/www.europesays.com\/at\/371524\/"},"modified":"2026-09-02T20:57:07","modified_gmt":"2026-09-02T20:57:07","slug":"fix-sturm-verpflichtet-ehemaligen-salzburg-stuermer","status":"publish","type":"post","link":"https:\/\/www.europesays.com\/at\/371524\/","title":{"rendered":"Fix! Sturm verpflichtet ehemaligen Salzburg-St\u00fcrmer"},"content":{"rendered":"<p>Sturm Graz hat sich mit dem ivorischen Nationalst\u00fcrmer <a href=\"https:\/\/www.laola1.at\/de\/daten\/news\/oumar-diakite\/\" class=\"tag\" rel=\"nofollow noopener\" target=\"_blank\">Oumar Diakite<\/a> verst\u00e4rkt.<\/p>\n<p>Der 22-J\u00e4hrige kommt vorerst leihweise f\u00fcr eine Saison vom franz\u00f6sischen Erstligisten <a href=\"https:\/\/www.laola1.at\/de\/daten\/news\/fussball\/stade-reims\/\" class=\"tag\" rel=\"nofollow noopener\" target=\"_blank\">Stade Reims<\/a> zum Vizemeister. Wie Sturm am Mittwoch bekanntgibt, besteht auch eine Kaufoption.<\/p>\n<p>Diakite ist in \u00d6sterreich kein Unbekannter. Von 2022 bis 2023 stand der 31-fache Nationalspieler der Elfenbeink\u00fcste beim <a href=\"https:\/\/www.laola1.at\/de\/daten\/news\/fussball\/fc-red-bull-salzburg\/\" class=\"tag\" rel=\"nofollow noopener\" target=\"_blank\">FC Red Bull Salzburg<\/a> unter Vertrag. F\u00fcr die &#8222;Bullen&#8220; spielte er jedoch nie, daf\u00fcr machte er f\u00fcr Kooperationsverein Liefering 35 Spiele (12 Tore, 11 Vorlagen).<\/p>\n<p>Wechsel &#8222;aufgrund ver\u00e4nderter Konstellationen&#8220;<\/p>\n<p>F\u00fcr seine Heimat bestritt Diakite bisher 31 L\u00e4nderspiele (sechs Tore). Von Reims war er in der vergangenen Saison schon an Cercle Br\u00fcgge verliehen gewesen.<\/p>\n<p>&#8222;Oumar bringt eine hervorragende Mentalit\u00e4t und Einstellung mit, verf\u00fcgt \u00fcber eine sehr gute Physis und viel Tempo, arbeitet stark gegen den Ball und bewegt sich sehr gut zwischen den Linien&#8220;, sagt Sturms Sportchef Michael Parensen.<\/p>\n<p>Ein Wechsel habe sich nun &#8222;aufgrund ver\u00e4nderter Konstellationen&#8220; ergeben, nachdem bereits im vergangenen Sommer Gespr\u00e4che mit dem St\u00fcrmer gef\u00fchrt wurden.<\/p>\n<p>&#8222;Bereits vor einem Jahr hatte ich sehr gute Gespr\u00e4che mit Michael Parensen und stand kurz vor einem Wechsel nach Graz \u2013 umso mehr freue ich mich, dass es nun geklappt hat. Ich kenne Sturm aus meiner Zeit in \u00d6sterreich schon sehr gut \u2013 ein Topverein mit hohen Zielen und tollen Fans. Ich freue mich extrem, nun hier zu sein und so schnell wie m\u00f6glich am Platz alles zu geben&#8220;, so Diakite. <\/p>\n","protected":false},"excerpt":{"rendered":"Sturm Graz hat sich mit dem ivorischen Nationalst\u00fcrmer Oumar Diakite verst\u00e4rkt. Der 22-J\u00e4hrige kommt vorerst leihweise f\u00fcr eine&hellip;\n","protected":false},"author":2,"featured_media":371525,"comment_status":"","ping_status":"","sticky":false,"template":"","format":"standard","meta":{"footnotes":"","_share_on_mastodon":"0"},"categories":[29],"tags":[1069,46,42,74038,8485,1247,964,183,14287,16820,44,92927,1072,67098],"class_list":["post-371524","post","type-post","status-publish","format-standard","has-post-thumbnail","category-graz","tag-admiral-bundesliga","tag-at","tag-austria","tag-cercle-bruegge","tag-elfenbeinkueste","tag-fc-liefering","tag-fussball","tag-graz","tag-liefering","tag-michael-parensen","tag-oesterreich","tag-oumar-diakite","tag-sk-sturm-graz","tag-stade-reims"],"share_on_mastodon":{"url":"https:\/\/pubeurope.com\/@at\/117203451839170340","error":""},"_links":{"self":[{"href":"https:\/\/www.europesays.com\/at\/wp-json\/wp\/v2\/posts\/371524","targetHints":{"allow":["GET"]}}],"collection":[{"href":"https:\/\/www.europesays.com\/at\/wp-json\/wp\/v2\/posts"}],"about":[{"href":"https:\/\/www.europesays.com\/at\/wp-json\/wp\/v2\/types\/post"}],"author":[{"embeddable":true,"href":"https:\/\/www.europesays.com\/at\/wp-json\/wp\/v2\/users\/2"}],"replies":[{"embeddable":true,"href":"https:\/\/www.europesays.com\/at\/wp-json\/wp\/v2\/comments?post=371524"}],"version-history":[{"count":0,"href":"https:\/\/www.europesays.com\/at\/wp-json\/wp\/v2\/posts\/371524\/revisions"}],"wp:featuredmedia":[{"embeddable":true,"href":"https:\/\/www.europesays.com\/at\/wp-json\/wp\/v2\/media\/371525"}],"wp:attachment":[{"href":"https:\/\/www.europesays.com\/at\/wp-json\/wp\/v2\/media?parent=371524"}],"wp:term":[{"taxonomy":"category","embeddable":true,"href":"https:\/\/www.europesays.com\/at\/wp-json\/wp\/v2\/categories?post=371524"},{"taxonomy":"post_tag","embeddable":true,"href":"https:\/\/www.europesays.com\/at\/wp-json\/wp\/v2\/tags?post=371524"}],"curies":[{"name":"wp","href":"https:\/\/api.w.org\/{rel}","templated":true}]}}