{"id":371546,"date":"2026-09-02T21:11:13","date_gmt":"2026-09-02T21:11:13","guid":{"rendered":"https:\/\/www.europesays.com\/at\/371546\/"},"modified":"2026-09-02T21:11:13","modified_gmt":"2026-09-02T21:11:13","slug":"mutter-schlug-alarm-motocross-drama-vater-tot-sohn-14-im-spital","status":"publish","type":"post","link":"https:\/\/www.europesays.com\/at\/371546\/","title":{"rendered":"Mutter schlug Alarm \u2013 Motocross-Drama \u2013 Vater tot, Sohn (14) im Spital"},"content":{"rendered":"<p class=\"col-12 col-md-10 col-lg-8 gb-p raw mx-auto\">Ein Motocross-Ausflug von Vater und Sohn endete am Mittwoch im Bezirk Hermagor tragisch. Ein 54-J\u00e4hriger kam bei einem Unfall in einem Waldgebiet ums Leben, sein erst 14 Jahre alter Sohn wurde vermutlich schwer verletzt.<\/p>\n<p class=\"col-12 col-md-10 col-lg-8 gb-p raw mx-auto\">Die beiden waren gegen 11.15 Uhr mit zwei Motocross-Maschinen zu einer gemeinsamen Ausfahrt aufgebrochen. Als sie nicht wie vereinbart nach Hause zur\u00fcckkehrten, ortete die Ehefrau beziehungsweise Mutter die Mobiltelefone der beiden.<\/p>\n<p>&#8222;Heute&#8220; auf Google als bevorzugte&amp;nbspQuelle festlegen<a href=\"https:\/\/www.google.com\/preferences\/source?q=heute.at\" rel=\"noopener noreferrer nofollow\" target=\"_blank\">Hinzuf\u00fcgen<\/a><\/p>\n<p class=\"col-12 col-md-10 col-lg-8 gb-p raw mx-auto\">Sie machte sich auf den Weg zum angezeigten Standort und fand Vater und Sohn auf einer unbefestigten, abgeschrankten Forststra\u00dfe. Der 54-J\u00e4hrige lag unter einem entwurzelten Baum, der quer \u00fcber die Fahrbahn gest\u00fcrzt war. Sein Sohn befand sich verletzt im Bereich der Stra\u00dfenb\u00f6schung.<\/p>\n<p>Vater stirbt noch an Unfallstelle<\/p>\n<p class=\"col-12 col-md-10 col-lg-8 gb-p raw mx-auto\">Der 14-J\u00e4hrige wurde vor Ort not\u00e4rztlich versorgt und anschlie\u00dfend mit vermutlich schweren Verletzungen vom Rettungshubschrauber C11 ins Klinikum Klagenfurt geflogen. F\u00fcr seinen Vater kam jede Hilfe zu sp\u00e4t. Trotz sofort eingeleiteter Rettungsma\u00dfnahmen erlag er noch an der Unfallstelle seinen schweren Verletzungen.<\/p>\n<p><img decoding=\"async\" src=\"https:\/\/www.europesays.com\/at\/wp-content\/uploads\/2026\/09\/map-placeholder.webp\" alt=\"Google Maps\"\/>Google Map anzeigen<\/p>\n<p class=\"col-12 col-md-10 col-lg-8 gb-p raw mx-auto\">Nach den bisherigen Erhebungen d\u00fcrften Vater und Sohn mit ihren Motocross-Maschinen \u00fcber eine Fahrbahnkuppe gefahren sein. Direkt dahinter lag der entwurzelte Baum quer \u00fcber der Stra\u00dfe. Beide d\u00fcrften daraufhin gest\u00fcrzt sein.<\/p>\n<p class=\"col-12 col-md-10 col-lg-8 gb-p raw mx-auto\">Im Einsatz standen die Polizei St. Stefan\/Gail und Hermagor, das Rote Kreuz mit einem Notarzteinsatzfahrzeug und zwei Rettungsfahrzeugen, der Rettungshubschrauber C11, die Bergrettung Hermagor sowie die Feuerwehr K\u00f6stendorf.<\/p>\n<p> {title &amp;&amp; {title} } red, {title &amp;&amp; {title} } 02.09.2026, 21:01<\/p>\n","protected":false},"excerpt":{"rendered":"Ein Motocross-Ausflug von Vater und Sohn endete am Mittwoch im Bezirk Hermagor tragisch. Ein 54-J\u00e4hriger kam bei einem&hellip;\n","protected":false},"author":2,"featured_media":371547,"comment_status":"","ping_status":"","sticky":false,"template":"","format":"standard","meta":{"footnotes":"","_share_on_mastodon":"0"},"categories":[6],"tags":[46,42,44,43,45],"class_list":["post-371546","post","type-post","status-publish","format-standard","has-post-thumbnail","category-oesterreich","tag-at","tag-austria","tag-oesterreich","tag-republic-of-austria","tag-republik-oesterreich"],"share_on_mastodon":{"url":"https:\/\/pubeurope.com\/@at\/117203507070668480","error":""},"_links":{"self":[{"href":"https:\/\/www.europesays.com\/at\/wp-json\/wp\/v2\/posts\/371546","targetHints":{"allow":["GET"]}}],"collection":[{"href":"https:\/\/www.europesays.com\/at\/wp-json\/wp\/v2\/posts"}],"about":[{"href":"https:\/\/www.europesays.com\/at\/wp-json\/wp\/v2\/types\/post"}],"author":[{"embeddable":true,"href":"https:\/\/www.europesays.com\/at\/wp-json\/wp\/v2\/users\/2"}],"replies":[{"embeddable":true,"href":"https:\/\/www.europesays.com\/at\/wp-json\/wp\/v2\/comments?post=371546"}],"version-history":[{"count":0,"href":"https:\/\/www.europesays.com\/at\/wp-json\/wp\/v2\/posts\/371546\/revisions"}],"wp:featuredmedia":[{"embeddable":true,"href":"https:\/\/www.europesays.com\/at\/wp-json\/wp\/v2\/media\/371547"}],"wp:attachment":[{"href":"https:\/\/www.europesays.com\/at\/wp-json\/wp\/v2\/media?parent=371546"}],"wp:term":[{"taxonomy":"category","embeddable":true,"href":"https:\/\/www.europesays.com\/at\/wp-json\/wp\/v2\/categories?post=371546"},{"taxonomy":"post_tag","embeddable":true,"href":"https:\/\/www.europesays.com\/at\/wp-json\/wp\/v2\/tags?post=371546"}],"curies":[{"name":"wp","href":"https:\/\/api.w.org\/{rel}","templated":true}]}}