{"id":371578,"date":"2026-09-02T21:30:12","date_gmt":"2026-09-02T21:30:12","guid":{"rendered":"https:\/\/www.europesays.com\/at\/371578\/"},"modified":"2026-09-02T21:30:12","modified_gmt":"2026-09-02T21:30:12","slug":"hagel-sturm-und-starkregen-heftiges-unwetter-trifft-voitsberg","status":"publish","type":"post","link":"https:\/\/www.europesays.com\/at\/371578\/","title":{"rendered":"Hagel, Sturm und Starkregen: Heftiges Unwetter trifft Voitsberg"},"content":{"rendered":"<p class=\"wp-block-paragraph\">Schwere Gewitter haben am Mittwochnachmittag den Bezirk Voitsberg getroffen. Besonders Hagel, Starkregen und Sturm sorgten in mehreren Gemeinden f\u00fcr Probleme. In Maria Lankowitz (Bezirk Voitsberg) wurden zum BEispiel Hagelk\u00f6rner mit einem Durchmesser von bis zu f\u00fcnf Zentimetern gemessen. Die ersten heftigen Gewitter gingen gegen 16 Uhr \u00fcber der Region nieder.  Bis 18 Uhr mussten die Feuerwehren im Bezirk bereits rund 25 Unwettereins\u00e4tze bew\u00e4ltigen.<\/p>\n<p>Starkregen und Hagel sorgten in K\u00f6flach f\u00fcr mehrere Eins\u00e4tze <\/p>\n<p class=\"wp-block-paragraph\">Auch K\u00f6flach (ebenfalls Bezirk Voitsberg) wurde schwer getroffen. Gro\u00dfe Regenmengen f\u00fchrten zu mehreren Feuerwehreins\u00e4tzen. In den Sozialen Medien h\u00e4ufen sich Bilder und Videos vom Hagel-Wetter und dessen Auswirkungen. \u201eEin heftiges Hagelunwetter hat unsere Region mit voller Wucht gerade vor kurzem getroffen. Gewaltige Hagelk\u00f6rner haben vielerorts gro\u00dfe Sch\u00e4den verursacht\u201c, berichtete auch die FP\u00d6 K\u00f6flach und bedankt sich bei den Einsatzkr\u00e4ften. \u201eUnser besonderer Dank gilt jetzt unseren Feuerwehren und allen Einsatzkr\u00e4ften. Zahlreiche Wehren aus dem Bezirk sind im Einsatz und helfen unerm\u00fcdlich dort, wo sie gebraucht werden.\u201c<\/p>\n<p>\n   &#13;\n<\/p>\n<p>\n   &#13;\n<\/p>\n<p>Schweres Hagelunwetter sorgt f\u00fcr zahlreiche Sch\u00e4den in K\u00f6flach<\/p>\n<p class=\"wp-block-paragraph\">Hagel besch\u00e4digte mehrere D\u00e4cher, w\u00e4hrend die gro\u00dfen Regenmengen zahlreiche Keller unter Wasser setzten. Rund 50 Einsatzkr\u00e4fte der Feuerwehren K\u00f6flach, Piber und Rosental waren damit besch\u00e4ftigt, Keller auszupumpen, besch\u00e4digte D\u00e4cher zu sichern und weitere Unwettersch\u00e4den zu beseitigen. \u201eStarker Hagel und gro\u00dfe Mengen an Regenwasser setzten mehreren Geb\u00e4uden zu. Besonders betroffen waren D\u00e4cher, die durch den Hagel besch\u00e4digt wurden. Zudem liefen mehrere Keller mit Wasser voll\u201c, berichtet die FF K\u00f6flach. Durch das rasche und koordinierte Vorgehen der Einsatzkr\u00e4fte konnte laut Feuerwehr bei mehreren Geb\u00e4uden noch gr\u00f6\u00dferer Schaden verhindert werden.<\/p>\n<p>                  <img loading=\"lazy\" decoding=\"async\" width=\"1021\" height=\"1021\" src=\"https:\/\/www.europesays.com\/at\/wp-content\/uploads\/2026\/09\/1788377366-791942897_18048825914802155_1566135607247202393_n-1021x1021.webp\" class=\"w-full h-auto max-h-full max-w-full block slider-image\" alt=\"Hagel, Sturm und Starkregen: Heftiges Unwetter trifft Voitsberg\"  \/>                                       <\/p>\n<p>\u00a9Freiwillige Feuerwehr K\u00f6flach<\/p>\n<p>\n   &#13;\n<\/p>\n<p>Hagel-Unwetter trifft steirisches Tierheim: \u201eSo etwas haben wir noch nicht erlebt\u2026\u201c<\/p>\n<p class=\"wp-block-paragraph\">Auch das Tierheim Franziskus in Rosental an der Kainach wurde von dem heftigen Unwetter getroffen. Hagel und Starkregen h\u00e4tten das Tierheim \u201emit voller Wucht\u201c erwischt. Mehrere Gehege wurden \u00fcberschwemmt und mussten anschlie\u00dfend trockengelegt werden. \u201eDas Tierheim Franziskus hat es mit voller Wucht getroffen \u2013 so etwas haben wir noch nicht erlebt\u201c, schildert Tierheimleitung Mag. Nina Mocnik die Situation in einem Beitrag auf Facebook. Sie spricht angesichts der Intensit\u00e4t sogar von einem m\u00f6glichen \u201eJahrhunderthagel\u201c. Mehr dazu hier: <a href=\"https:\/\/www.5min.at\/steiermark\/5202609021951\/hagel-unwetter-trifft-steirisches-tierheim-so-etwas-haben-wir-noch-nicht-erlebt\/\" rel=\"nofollow noopener\" target=\"_blank\">Hagel-Unwetter trifft steirisches Tierheim<\/a>. <\/p>\n<p>Unwetter zog \u00fcber mehrere Bezirke<\/p>\n<p class=\"wp-block-paragraph\">Bereits vor den Gewittern hatten die Wetterdienste vor einer erh\u00f6hten Unwettergefahr gewarnt. Die Unwetterzentrale hatte f\u00fcr Voitsberg sowie weitere Teile der Steiermark die rote Warnstufe ausgegeben. Mehr dazu hier: <a href=\"https:\/\/www.5min.at\/steiermark\/5202609021628\/unwetter-im-anmarsch-rote-warnstufe-fuer-diese-steirischen-bezirke\/\" rel=\"nofollow noopener\" target=\"_blank\">Unwetter im Anmarsch: Rote Warnstufe f\u00fcr diese steirischen Bezirke<\/a>. Auch GeoSphere Austria hatte auf die Gefahr schwerer Gewitter hingewiesen.<\/p>\n","protected":false},"excerpt":{"rendered":"Schwere Gewitter haben am Mittwochnachmittag den Bezirk Voitsberg getroffen. Besonders Hagel, Starkregen und Sturm sorgten in mehreren Gemeinden&hellip;\n","protected":false},"author":2,"featured_media":371579,"comment_status":"","ping_status":"","sticky":false,"template":"","format":"standard","meta":{"footnotes":"","_share_on_mastodon":"0"},"categories":[6],"tags":[46,42,44,43,45],"class_list":["post-371578","post","type-post","status-publish","format-standard","has-post-thumbnail","category-oesterreich","tag-at","tag-austria","tag-oesterreich","tag-republic-of-austria","tag-republik-oesterreich"],"share_on_mastodon":{"url":"https:\/\/pubeurope.com\/@at\/117203581783776078","error":""},"_links":{"self":[{"href":"https:\/\/www.europesays.com\/at\/wp-json\/wp\/v2\/posts\/371578","targetHints":{"allow":["GET"]}}],"collection":[{"href":"https:\/\/www.europesays.com\/at\/wp-json\/wp\/v2\/posts"}],"about":[{"href":"https:\/\/www.europesays.com\/at\/wp-json\/wp\/v2\/types\/post"}],"author":[{"embeddable":true,"href":"https:\/\/www.europesays.com\/at\/wp-json\/wp\/v2\/users\/2"}],"replies":[{"embeddable":true,"href":"https:\/\/www.europesays.com\/at\/wp-json\/wp\/v2\/comments?post=371578"}],"version-history":[{"count":0,"href":"https:\/\/www.europesays.com\/at\/wp-json\/wp\/v2\/posts\/371578\/revisions"}],"wp:featuredmedia":[{"embeddable":true,"href":"https:\/\/www.europesays.com\/at\/wp-json\/wp\/v2\/media\/371579"}],"wp:attachment":[{"href":"https:\/\/www.europesays.com\/at\/wp-json\/wp\/v2\/media?parent=371578"}],"wp:term":[{"taxonomy":"category","embeddable":true,"href":"https:\/\/www.europesays.com\/at\/wp-json\/wp\/v2\/categories?post=371578"},{"taxonomy":"post_tag","embeddable":true,"href":"https:\/\/www.europesays.com\/at\/wp-json\/wp\/v2\/tags?post=371578"}],"curies":[{"name":"wp","href":"https:\/\/api.w.org\/{rel}","templated":true}]}}