{"id":371580,"date":"2026-09-02T21:31:08","date_gmt":"2026-09-02T21:31:08","guid":{"rendered":"https:\/\/www.europesays.com\/at\/371580\/"},"modified":"2026-09-02T21:31:08","modified_gmt":"2026-09-02T21:31:08","slug":"wahnsinns-gegentor-aber-bayern-souveraen-weiter","status":"publish","type":"post","link":"https:\/\/www.europesays.com\/at\/371580\/","title":{"rendered":"Wahnsinns-Gegentor: Aber Bayern souver\u00e4n weiter"},"content":{"rendered":"<p> <img decoding=\"async\" src=\"https:\/\/www.europesays.com\/at\/wp-content\/uploads\/2026\/09\/e9b1c47425214da87dd61265aa345eb735facc04.jpg\" alt=\"\"\/> <\/p>\n<p>\t\t\t\t\tMission Titelverteidigung erfolgreich gestartet: Angef\u00fchrt von St\u00fcrmerstar Harry Kane hat Bayern M\u00fcnchen nach einem fr\u00fchen Schock-Gegentor seine erste H\u00fcrde im DFB-Pokal noch souver\u00e4n gemeistert. Die Mannschaft von Trainer Vincent Kompany setzte sich am Mittwochabend beim VfL Osnabr\u00fcck ohne gro\u00df zu gl\u00e4nzen mit 4:1 (2:1) durch. Torgarant Kane (18.\/86., Foulelfmeter), Tom Bischof (24.) und Michael Olise (73.) drehten gegen den Zweitligisten die Partie. Robin Mei\u00dfner (5.) hatte den krassen Au\u00dfenseiter mit einem Wahnsinns-Treffer \u00fcberraschend in F\u00fchrung gebracht.<\/p>\n<p><img decoding=\"async\" src=\"https:\/\/www.europesays.com\/at\/wp-content\/uploads\/2026\/09\/ee1a842e6f0057adc31143536d2a66153b273931.jpg\" alt=\"Harry Kane (M.) traf doppelt (Foto: AFP\/SID\/INA FASSBENDER)\"\/><\/p>\n<p>Harry Kane (M.) traf doppelt<\/p>\n<p>Foto: AFP\/SID\/INA FASSBENDER<\/p>\n<p>Doch der Underdog durfte nur kurz von der Sensation tr\u00e4umen, am Ende konnten sich die Bayern auf ihre Klasse verlassen. Und so bleibt das legend\u00e4re 0:1 beim TSV Vestenbergsgreuth 1994 weiterhin das bisher letzte Erstrundenaus der M\u00fcnchner. <\/p>\n<p>&#8222;Wir wussten, dass Osnabr\u00fcck guten Fu\u00dfball spielt, das haben sie heute bewiesen, auch mit einem brutalen Tor. Aber wir sind ruhig geblieben, hatten es unter Kontrolle. Das sind eklige Spiele, ich bin einfach froh, dass wir weitergekommen sind&#8220;, sagte Bischof in der ARD.<\/p>\n<p>Trotz der gesundheitlichen Sorgen um Superstar Jamal Musiala legte Bayern nach dem dominanten Bundesliga-Auftakt gegen den VfB Stuttgart (5:1) damit einen insgesamt entspannten Start in die Saison hin und scheint f\u00fcr den Beginn der Champions League n\u00e4chste Woche gegen den FK Bod\u00f6\/Glimt gut ger\u00fcstet zu sein.<\/p>\n<p>Sein Team m\u00fcsse &#8222;mental bereit sein f\u00fcr einen richtigen Kampf&#8220;, hatte Kompany vor der Partie gesagt &#8211; und dann wurden die G\u00e4ste sofort geschockt. Mei\u00dfner fackelte nach einem Zweikampf mit Jonathan Tah nicht lange, zog aus rund 30 Metern ab und traf in den rechten Winkel. Marke Tor des Jahres. Bayern-Keeper Jonas Urbig, der wie angek\u00fcndigt Manuel Neuer ersetzte, hatte keine Chance.<\/p>\n<p>Doch die Bayern, bei denen 50-Millionen-Neuzugang Ismael Saibari sein Startelf-Deb\u00fct feierte, reagierten cool. Sie legten sich Osnabr\u00fcck einige Minuten zurecht, suchten geduldig eine L\u00fccke in der Defensive &#8211; und stachen dann zu. Erst glich Kane nach einem typischen Chippass von Kapit\u00e4n Joshua Kimmich aus, danach nutzte Bischof einen Abstauber zur F\u00fchrung. Olise und erneut Kane nach einem Foul von VfL-Spielf\u00fchrer Jannik M\u00fcller an Aleksandar Pavlovic machten alles klar.<\/p>\n<p>Die 15.741 Zuschauer an der ausverkauften Bremer Br\u00fccke hatten auf eine \u00dcberraschung gehofft, doch der gro\u00dfe Favorit und Rekordpokalsieger trat daf\u00fcr zu entschlossen, zielstrebig und spritzig auf. Schlie\u00dflich erinnern sie sich in M\u00fcnchen nur zu gut daran, dass sie in den vergangenen Jahren auf dem Weg nach Berlin auch immer wieder viel zu fr\u00fch gescheitert waren. Erst im Sommer kehrte der Pokal nach sechs Jahren Durststrecke wieder an die Isar zur\u00fcck &#8211; diesmal soll der Titel erfolgreich verteidigt werden.<\/p>\n<p>Der Auftakt war kein Spaziergang, Osnabr\u00fcck lieferte dem Favoriten einen packenden Fight. Die Mannschaft von Timo Schultz warf sich mit viel Willen in jeden Zweikampf, biss, ackerte, w\u00fchlte &#8211; und die lautstarken Fans br\u00fcllten ihr Team immer wieder nach vorne. Doch am Ende gingen Osnabr\u00fcck auch ein bisschen die Kr\u00e4fte aus. Und so ist Bayern dem Sehnsuchtsort Berlin einen kleinen Schritt n\u00e4her gekommen.<\/p>\n<p class=\"text-secondary\">\u00a9 2026 SID<\/p>\n","protected":false},"excerpt":{"rendered":"Mission Titelverteidigung erfolgreich gestartet: Angef\u00fchrt von St\u00fcrmerstar Harry Kane hat Bayern M\u00fcnchen nach einem fr\u00fchen Schock-Gegentor seine erste&hellip;\n","protected":false},"author":2,"featured_media":371581,"comment_status":"","ping_status":"","sticky":false,"template":"","format":"standard","meta":{"footnotes":"","_share_on_mastodon":"0"},"categories":[8],"tags":[6201,8263,10234,56082,40,41,39,38],"class_list":["post-371580","post","type-post","status-publish","format-standard","has-post-thumbnail","category-nachrichten","tag-bayern-muenchen","tag-dfb-pokal","tag-harry-kane","tag-ismael-saibari","tag-nachrichten","tag-news","tag-schlagzeilen","tag-top-meldungen"],"share_on_mastodon":{"url":"https:\/\/pubeurope.com\/@at\/117203585633082167","error":""},"_links":{"self":[{"href":"https:\/\/www.europesays.com\/at\/wp-json\/wp\/v2\/posts\/371580","targetHints":{"allow":["GET"]}}],"collection":[{"href":"https:\/\/www.europesays.com\/at\/wp-json\/wp\/v2\/posts"}],"about":[{"href":"https:\/\/www.europesays.com\/at\/wp-json\/wp\/v2\/types\/post"}],"author":[{"embeddable":true,"href":"https:\/\/www.europesays.com\/at\/wp-json\/wp\/v2\/users\/2"}],"replies":[{"embeddable":true,"href":"https:\/\/www.europesays.com\/at\/wp-json\/wp\/v2\/comments?post=371580"}],"version-history":[{"count":0,"href":"https:\/\/www.europesays.com\/at\/wp-json\/wp\/v2\/posts\/371580\/revisions"}],"wp:featuredmedia":[{"embeddable":true,"href":"https:\/\/www.europesays.com\/at\/wp-json\/wp\/v2\/media\/371581"}],"wp:attachment":[{"href":"https:\/\/www.europesays.com\/at\/wp-json\/wp\/v2\/media?parent=371580"}],"wp:term":[{"taxonomy":"category","embeddable":true,"href":"https:\/\/www.europesays.com\/at\/wp-json\/wp\/v2\/categories?post=371580"},{"taxonomy":"post_tag","embeddable":true,"href":"https:\/\/www.europesays.com\/at\/wp-json\/wp\/v2\/tags?post=371580"}],"curies":[{"name":"wp","href":"https:\/\/api.w.org\/{rel}","templated":true}]}}