{"id":371610,"date":"2026-09-02T21:52:09","date_gmt":"2026-09-02T21:52:09","guid":{"rendered":"https:\/\/www.europesays.com\/at\/371610\/"},"modified":"2026-09-02T21:52:09","modified_gmt":"2026-09-02T21:52:09","slug":"salzburg-fuegt-rapid-die-erste-saisonniederlage-zu","status":"publish","type":"post","link":"https:\/\/www.europesays.com\/at\/371610\/","title":{"rendered":"Salzburg f\u00fcgt Rapid die erste Saisonniederlage zu"},"content":{"rendered":"<p>Tabakovic nicht zu bremsen<\/p>\n<p>Salzburg revanchierte sich vor 12.153 Zuschauern in Wals-Siezenheim eindrucksvoll f\u00fcr zuvor drei 0:1-Niederlagen gegen Rapid in Serie. Haris Tabakovic zeigte sich fr\u00fch in Torlaune (4., 21.) und erh\u00f6hte sein Konto auf acht Pflichtspieltore. Zudem trugen sich auch Kapit\u00e4n Nikolas Veratschnig (15.), Edmund Baidoo (46.) und Karim Konate (90.) in die Sch\u00fctzenliste ein. Den Rapidlern gelang durch Kapit\u00e4n Matthias Seidl (51.) zumindest Ergebniskosmetik.<\/p>\n<p>Tabakovic bekamen die Gr\u00fcn-Wei\u00dfen kaum in den Griff. Schon nach etwas mehr als drei Minuten verschaffte sich der Angreifer nach einem Kitano-Zuspiel mit einem Haken im Duell mit Jannes Horn Platz und lie\u00df Niklas Hedl mit einem wuchtigen Abschluss keine Chance. Beim zweiten Treffer schoss Tabakovic Serge-Philippe Raux-Yao den Ball an den Kopf, von dort landete er vor den F\u00fc\u00dfen von Veratschnig, der ihn mit links unter die Latte knallte. Nach einer Mazurek-Vorarbeit hatte Tabakovic wieder zu viel Platz und schlenzte den Ball von knapp au\u00dferhalb des Strafraums zum 3:0 ins Eck.<\/p>\n<p>Harmlose Austria mit n\u00e4chster Niederlage<\/p>\n<p>Die Austria musste den n\u00e4chsten schweren R\u00fcckschlag hinnehmen. Nach f\u00fcnf Runden liegt das Team von Trainer Stephan Helm mit nur drei Z\u00e4hlern weiter am Tabellenende. Das Goldtor f\u00fcr die WSG erzielte der US-Amerikaner Drew Murray (66.) nach einem Eckball. Die Tiroler schoben sich mit dem zweiten Sieg in Folge auf Rang f\u00fcnf.<\/p>\n<p>Die Austria blieb auch nach dem Gegentreffer offensiv harmlos. Die Wiener haben in dieser Saison bisher nur mit einem 2:0 Mitte August in Hartberg angeschrieben. F\u00fcr die WSG endete eine lange Durststrecke in Wien-Favoriten. Acht Partien in Folge hatten die Wattener nicht bei der Austria gewonnen, in den vergangenen vier Auftritten waren sie jeweils ohne Torerfolg geblieben.<\/p>\n","protected":false},"excerpt":{"rendered":"Tabakovic nicht zu bremsen Salzburg revanchierte sich vor 12.153 Zuschauern in Wals-Siezenheim eindrucksvoll f\u00fcr zuvor drei 0:1-Niederlagen gegen&hellip;\n","protected":false},"author":2,"featured_media":371611,"comment_status":"","ping_status":"","sticky":false,"template":"","format":"standard","meta":{"footnotes":"","_share_on_mastodon":"0"},"categories":[31],"tags":[277,2026,46,42,676,964,3074,3075,44,192,182],"class_list":["post-371610","post","type-post","status-publish","format-standard","has-post-thumbnail","category-salzburg","tag-_apafeed","tag-_isshort","tag-at","tag-austria","tag-bundesliga","tag-fussball","tag-maenner","tag-nationale-meisterschaften","tag-oesterreich","tag-salzburg","tag-wien"],"share_on_mastodon":{"url":"https:\/\/pubeurope.com\/@at\/117203667720937577","error":""},"_links":{"self":[{"href":"https:\/\/www.europesays.com\/at\/wp-json\/wp\/v2\/posts\/371610","targetHints":{"allow":["GET"]}}],"collection":[{"href":"https:\/\/www.europesays.com\/at\/wp-json\/wp\/v2\/posts"}],"about":[{"href":"https:\/\/www.europesays.com\/at\/wp-json\/wp\/v2\/types\/post"}],"author":[{"embeddable":true,"href":"https:\/\/www.europesays.com\/at\/wp-json\/wp\/v2\/users\/2"}],"replies":[{"embeddable":true,"href":"https:\/\/www.europesays.com\/at\/wp-json\/wp\/v2\/comments?post=371610"}],"version-history":[{"count":0,"href":"https:\/\/www.europesays.com\/at\/wp-json\/wp\/v2\/posts\/371610\/revisions"}],"wp:featuredmedia":[{"embeddable":true,"href":"https:\/\/www.europesays.com\/at\/wp-json\/wp\/v2\/media\/371611"}],"wp:attachment":[{"href":"https:\/\/www.europesays.com\/at\/wp-json\/wp\/v2\/media?parent=371610"}],"wp:term":[{"taxonomy":"category","embeddable":true,"href":"https:\/\/www.europesays.com\/at\/wp-json\/wp\/v2\/categories?post=371610"},{"taxonomy":"post_tag","embeddable":true,"href":"https:\/\/www.europesays.com\/at\/wp-json\/wp\/v2\/tags?post=371610"}],"curies":[{"name":"wp","href":"https:\/\/api.w.org\/{rel}","templated":true}]}}