{"id":371632,"date":"2026-09-02T22:08:13","date_gmt":"2026-09-02T22:08:13","guid":{"rendered":"https:\/\/www.europesays.com\/at\/371632\/"},"modified":"2026-09-02T22:08:13","modified_gmt":"2026-09-02T22:08:13","slug":"bablers-vater-soll-bei-op-termin-bevorzugt-worden-sein","status":"publish","type":"post","link":"https:\/\/www.europesays.com\/at\/371632\/","title":{"rendered":"Bablers Vater soll bei OP-Termin bevorzugt worden sein"},"content":{"rendered":"<p>\nAusgerechnet der Vater des Vizekanzlers soll laut einer parlamentarischen Anfrage bei einer OP im Krankenhaus Speising in Wien vorgereiht worden sein. Als Gastpatient aus Nieder\u00f6sterreich.\n<\/p>\n<p data-testid=\"paragraph\" class=\"typography-lg my-layout-default my-7\">\nWien. Schwere Vorw\u00fcrfe gegen Vizekanzler und SP\u00d6-Chef Andreas Babler: &#8222;Verdacht auf Bevorzugung und Vorreihung f\u00fcr einen OP-Termin im Orthop\u00e4dischen Spital Speising&#8220; lautet der Titel einer parlamentarischen Anfrage der FP\u00d6 an das Sozialministerium, die o24 vorliegt.\n<\/p>\n<p>&#8222;Unmut klinikintern und unter wartenden Mitpatienten&#8220;<\/p>\n<p data-testid=\"paragraph\" class=\"typography-lg my-layout-default my-7\">\n&#8222;Aussagen von Mitarbeitenden des Orthop\u00e4dischen Spitals Speising zufolge wurde der Vater von Vizekanzler Andreas Babler im Sommer in diesem Krankenhaus operiert, was klinikintern und unter wartenden Mitpatienten auf Unmut stie\u00df, denn er soll auffallend rasch und &#8211; ohne die sonst \u00fcbliche Wartezeit einhalten zu m\u00fcssen &#8211; f\u00fcr einen Operationstermin vorgereiht worden sein&#8220;, hei\u00dft es in der Anfrage.\n<\/p>\n<p><img class=\"mb-0 w-full\" alt=\"Orthop\u00e4disches Spital Speising\" src=\"https:\/\/www.europesays.com\/at\/wp-content\/uploads\/2026\/09\/55f05bd1-b750-4ca5-a3ce-8a66c4c8c933.jpeg\"   loading=\"lazy\" decoding=\"async\"\/><\/p>\n<p>Orthop\u00e4disches Spital Speising<br \/>\n\u00a9 Orthop\u00e4disches Spital Speising<\/p>\n<p>Brisante Fragen an das Sozialministerium<\/p>\n<p data-testid=\"paragraph\" class=\"typography-lg my-layout-default my-7\">\nDie FP\u00d6 stellt in der Anfrage mehrere brisante Fragen an das Sozialministerium:\n<\/p>\n<p data-testid=\"paragraph\" class=\"typography-lg my-layout-default my-7\">\n1. An welchem konkreten Datum fand die erste Kontaktaufnahme bzw. Indikationsstellung zur Operation des Vaters von Vizekanzler Andreas Babler im Orthop\u00e4dischen Spital Speising statt?\n<\/p>\n<p data-testid=\"paragraph\" class=\"typography-lg my-layout-default my-7\">\n2. An welchem Datum wurde die gegenst\u00e4ndliche Operation durchgef\u00fchrt?\n<\/p>\n<p data-testid=\"paragraph\" class=\"typography-lg my-layout-default my-7\">\n3. Wie lang war die exakte Wartezeit (in Tagen bzw. Wochen) zwischen dem Erstkontakt\/der Indikationsstellung und dem tats\u00e4chlichen Operationstermin bei Herrn Babler Senior?\n<\/p>\n<p data-testid=\"paragraph\" class=\"typography-lg my-layout-default my-7\">\n4. Wie war die durchschnittliche Wartezeit f\u00fcr auf denselben bzw. einen vergleichbaren orthop\u00e4dischen Eingriff im Orthop\u00e4dischen Spital Speising im selben Zeitraum?\n<\/p>\n<p data-testid=\"paragraph\" class=\"typography-lg my-layout-default my-7\">\n5. Gab es im Zusammenhang mit der Terminvergabe, Vorbereitung oder Durchf\u00fchrung der Operation Interventionen, Weisungen, Anfragen oder sonstige Kontaktaufnahmen aus Ihrem Ressort oder durch Sie pers\u00f6nlich an die Leitung, den Tr\u00e4ger oder das medizinische Personal des Orthop\u00e4dischen Spitals Speising?\n<\/p>\n<p data-testid=\"paragraph\" class=\"typography-lg my-layout-default my-7\">\n6. Ist Ihnen, Ihrem Kabinett oder Ihrem Ressort bekannt, ob seitens des Vizekanzlers pers\u00f6nlich, des Vizekanzleramtes, der SP\u00d6-Bundespartei oder sonstiger politischer Stellen interveniert wurde, um einen rascheren Operationstermin oder Sonderkonditionen zu erwirken?\n<\/p>\n<p data-testid=\"paragraph\" class=\"typography-lg my-layout-default my-7\">\na. Wenn ja, wann, durch wen und in welcher Form erfolgte diese Kontaktaufnahme?\n<\/p>\n<p data-testid=\"paragraph\" class=\"typography-lg my-layout-default my-7\">\nb. Welche Konsequenzen wurden daraus gezogen?\n<\/p>\n<p data-testid=\"paragraph\" class=\"typography-lg my-layout-default my-7\">\n7. K\u00f6nnen Sie einen Bevorzugungsautomatismus zugunsten von Angeh\u00f6rigen von SP\u00d6-Regierungsmitgliedern ausschlie\u00dfen?\n<\/p>\n<p data-testid=\"paragraph\" class=\"typography-lg my-layout-default my-7\">\n8. Wurden im Vorfeld des gegenst\u00e4ndlichen Eingriffs Operationstermine anderer Patienten verschoben, abgesagt oder nach hinten gereiht, um die Operation des Vaters von Vizekanzler Andreas Babler zu erm\u00f6glichen?\n<\/p>\n<p data-testid=\"paragraph\" class=\"typography-lg my-layout-default my-7\">\na. Wenn ja, wie viele Patienten waren von Terminverschiebungen betroffen?\n<\/p>\n<p data-testid=\"paragraph\" class=\"typography-lg my-layout-default my-7\">\nb. Aus welchen medizinischen Gr\u00fcnden wurden diese Verschiebungen gerechtfertigt?\n<\/p>\n<p data-testid=\"paragraph\" class=\"typography-lg my-layout-default my-7\">\n9. Wie stellt Ihr Ressort sicher, dass der Gleichheitsgrundsatz bei der Vergabe von Spitalsterminen gewahrt bleibt und politische Einflussnahme oder Bevorzugungen bestimmter Personenkreise ausgeschlossen sind?\n<\/p>\n<p data-testid=\"paragraph\" class=\"typography-lg my-layout-default my-7\">\n10. Werden Sie die Vorw\u00fcrfe der Vorreihung bzw. Bevorzugung des Vaters von Vizekanzler Babler \u00fcberpr\u00fcfen lassen?\n<\/p>\n<p data-testid=\"paragraph\" class=\"typography-lg my-layout-default my-7\">\na. Wenn ja, wann?\n<\/p>\n<p data-testid=\"paragraph\" class=\"typography-lg my-layout-default my-7\">\nb. Wenn nein, warum wird auf eine l\u00fcckenlose Aufkl\u00e4rung verzichtet?\n<\/p>\n<p>Babler weist die Vorw\u00fcrfe zur\u00fcck<\/p>\n<p data-testid=\"paragraph\" class=\"typography-lg my-layout-default my-7\">\nBabler selbst weist die Vorw\u00fcrfe gegen\u00fcber oe24 zur\u00fcck: &#8222;Wir weisen diesen Vorwurf mit aller Entschiedenheit zur\u00fcck. Angriffe auf den Gesundheitszustand von Familienmitgliedern politischer Mitbewerber sind eine demokratiepolitische Entgleisung und eine beispiellose politische Unkultur. Wer Familienangeh\u00f6rige politischer Mitbewerber und deren Gesundheitszustand zum Gegenstand politischer Auseinandersetzungen macht, \u00fcberschreitet eine klare Grenze&#8220;, hei\u00dft es in einem Statement aus dem Vizekanzleramt.\n<\/p>\n<p><img class=\"mb-0 w-full\" alt=\"Vizekanzler Andreas Babler (SP\u00d6)\" src=\"https:\/\/www.europesays.com\/at\/wp-content\/uploads\/2026\/09\/36fd3553-d7a2-4e72-97d9-90ebd411b6e7.jpeg\"   loading=\"lazy\" decoding=\"async\"\/><\/p>\n<p>Vizekanzler Andreas Babler (SP\u00d6)<br \/>\n\u00a9 APA\/TOBIAS STEINMAURER<\/p>\n<p>Babler selbst kritisierte Zweiklassenmedizin<\/p>\n<p data-testid=\"paragraph\" class=\"typography-lg my-layout-default my-7\">\nDer Vorwurf ist jedenfalls besonders brisant: Denn Babler selbst hatte zuletzt immer wieder die Zweiklassenmedizin in \u00d6sterreich kritisiert. Im ORF-Sommergespr\u00e4ch hatte er sogar gefordert, den privaten Krankenanstalten 200 Millionen Euro an F\u00f6rderung zu streichen und diese ins \u00f6ffentliche Gesundheitssystem zu investieren. Nun soll Bablers Vater in einem Wiener Spital &#8211; als Gastpatient aus Nieder\u00f6sterreich &#8211; genau so eine Bevorzugung bekommen haben.<\/p>\n","protected":false},"excerpt":{"rendered":"Ausgerechnet der Vater des Vizekanzlers soll laut einer parlamentarischen Anfrage bei einer OP im Krankenhaus Speising in Wien&hellip;\n","protected":false},"author":2,"featured_media":371633,"comment_status":"","ping_status":"","sticky":false,"template":"","format":"standard","meta":{"footnotes":"","_share_on_mastodon":"0"},"categories":[6],"tags":[46,42,44,43,45],"class_list":["post-371632","post","type-post","status-publish","format-standard","has-post-thumbnail","category-oesterreich","tag-at","tag-austria","tag-oesterreich","tag-republic-of-austria","tag-republik-oesterreich"],"share_on_mastodon":{"url":"https:\/\/pubeurope.com\/@at\/117203731274737937","error":""},"_links":{"self":[{"href":"https:\/\/www.europesays.com\/at\/wp-json\/wp\/v2\/posts\/371632","targetHints":{"allow":["GET"]}}],"collection":[{"href":"https:\/\/www.europesays.com\/at\/wp-json\/wp\/v2\/posts"}],"about":[{"href":"https:\/\/www.europesays.com\/at\/wp-json\/wp\/v2\/types\/post"}],"author":[{"embeddable":true,"href":"https:\/\/www.europesays.com\/at\/wp-json\/wp\/v2\/users\/2"}],"replies":[{"embeddable":true,"href":"https:\/\/www.europesays.com\/at\/wp-json\/wp\/v2\/comments?post=371632"}],"version-history":[{"count":0,"href":"https:\/\/www.europesays.com\/at\/wp-json\/wp\/v2\/posts\/371632\/revisions"}],"wp:featuredmedia":[{"embeddable":true,"href":"https:\/\/www.europesays.com\/at\/wp-json\/wp\/v2\/media\/371633"}],"wp:attachment":[{"href":"https:\/\/www.europesays.com\/at\/wp-json\/wp\/v2\/media?parent=371632"}],"wp:term":[{"taxonomy":"category","embeddable":true,"href":"https:\/\/www.europesays.com\/at\/wp-json\/wp\/v2\/categories?post=371632"},{"taxonomy":"post_tag","embeddable":true,"href":"https:\/\/www.europesays.com\/at\/wp-json\/wp\/v2\/tags?post=371632"}],"curies":[{"name":"wp","href":"https:\/\/api.w.org\/{rel}","templated":true}]}}