{"id":371644,"date":"2026-09-02T22:14:15","date_gmt":"2026-09-02T22:14:15","guid":{"rendered":"https:\/\/www.europesays.com\/at\/371644\/"},"modified":"2026-09-02T22:14:15","modified_gmt":"2026-09-02T22:14:15","slug":"wien-diese-events-bringen-im-september-leben-in-die-seestadt","status":"publish","type":"post","link":"https:\/\/www.europesays.com\/at\/371644\/","title":{"rendered":"Wien: Diese Events bringen im September Leben in die Seestadt"},"content":{"rendered":"<p><img loading=\"lazy\" decoding=\"async\" width=\"1280\" height=\"850\" src=\"https:\/\/www.europesays.com\/at\/wp-content\/uploads\/2026\/09\/OBS_20260828_OBS0015-3-1280x850.jpg\" alt=\"\" class=\"wp-image-10431653\"  \/>Luiza Puiu<\/p>\n<p>Stra\u00dfenfest, Open-Air-Kino, Sportfest und Open Mic: In der Seestadt stehen im September zahlreiche kostenlose Veranstaltungen auf dem Programm.<\/p>\n<p>Der Sommer geht zu Ende, doch in der Seestadt wird es im September noch einmal abwechslungsreich. Rund um den See stehen Feste, Sport und Kultur auf dem Programm.<\/p>\n<p>Den Auftakt machen am 4. September das 11. Seestadt Stra\u00dfenfest und die anschlie\u00dfende Lange Nacht der Wiener M\u00e4rkte. Tags darauf folgt ein Open-Air-Kino am DOCK. Eine Woche sp\u00e4ter wird beim Sportfest Donaustadt Bewegung gro\u00dfgeschrieben. Dazu kommen ein Open-Mic-Abend und ein Theaterst\u00fcck f\u00fcr junges Publikum.<\/p>\n<p>Stra\u00dfenfest und lange Marktnacht zum Auftakt<\/p>\n<p>Am Freitag, 4. September 2026, verwandelt sich das Seeparkquartier rund um den Eva-Maria-Mazzucco-Platz ab 12 Uhr in eine Festmeile.<\/p>\n<p>Beim 11. Seestadt Stra\u00dfenfest pr\u00e4sentieren regionale Betriebe, Vereine und Initiativen ihre Angebote. Dazu kommen ein Kulturprogramm und verschiedene kulinarische Angebote.<\/p>\n<p>Danach geht es direkt mit der Langen Nacht der Wiener M\u00e4rkte weiter. Der Mazzucco-Markt bietet Unterhaltung, eine Modenschau und Kulinarik.<\/p>\n<p>Open-Air-Kino mit Wolfgang Beckers letztem Film<\/p>\n<p>Schon am n\u00e4chsten Abend geht es beim DOCK Seestadt weiter. Die tempor\u00e4re Eventlocation am Nordufer des Sees wird am Samstag, 5. September, zur Open-Air-Kinob\u00fchne.<\/p>\n<p>Ab 18.30 Uhr sorgt zun\u00e4chst der Berliner DJ B. Cl\u00e4rchen f\u00fcr Musik. Um 19.30 Uhr startet anschlie\u00dfend \u201eDer Held vom Bahnhof Friedrichstra\u00dfe\u201c, der letzte Film des 2024 verstorbenen Regisseurs Wolfgang Becker.<\/p>\n<p><img loading=\"lazy\" decoding=\"async\" width=\"1280\" height=\"853\" src=\"https:\/\/www.europesays.com\/at\/wp-content\/uploads\/2026\/09\/OBS_20260828_OBS0016-1280x853.jpg\" alt=\"\" class=\"wp-image-10431668\"  \/>X Verleih AG Frederic Batier<\/p>\n<p>Die Tragikom\u00f6die basiert auf einem Bestseller von Maxim Leo. In den Hauptrollen sind Charly H\u00fcbner und Christiane Paul zu sehen.<\/p>\n<p>Mehr als 25 Stationen beim Sportfest Donaustadt<\/p>\n<p>Am Samstag, 12. September, steht der Elinor-Ostrom-Park ganz im Zeichen des Sports.<\/p>\n<p><img loading=\"lazy\" decoding=\"async\" width=\"1280\" height=\"853\" src=\"https:\/\/www.europesays.com\/at\/wp-content\/uploads\/2026\/09\/OBS_20260828_OBS0014-1-1280x853.jpg\" alt=\"\" class=\"wp-image-10431680\"  \/>Luiza Puiu<\/p>\n<p>Beim 2. Sportfest Donaustadt k\u00f6nnen Besucherinnen und Besucher an mehr als 25 Stationen verschiedene Sportarten ausprobieren. Das Angebot reicht von Ball- und Teamsportarten \u00fcber Bouldern, Tanzen und Ballett bis hin zu Akrobatik und Kampfsport.<\/p>\n<p>Auch Rudern am See ist m\u00f6glich. Die Veranstalter legen zudem Wert auf inklusive Angebote f\u00fcr Menschen mit unterschiedlichen Voraussetzungen.<\/p>\n<p>Heuer erstmals dabei ist auch der \u00d6FB.<\/p>\n<p>Das Sportfest startet ab 12 Uhr im Anschluss an den Seestadtlauf. Am Abend gibt es zus\u00e4tzlich B\u00fchnenprogramm und Musik. Die Teilnahme ist kostenlos.<\/p>\n<p>Am DOCK wird selbst zur B\u00fchne gebeten<\/p>\n<p>Auch abseits der gro\u00dfen Veranstaltungen bleibt das DOCK Seestadt im September aktiv.<\/p>\n<p>Am Freitag, 18. September, steht ab 19.30 Uhr ein Open-Mic-Abend auf dem Programm. Unter der Moderation des Musikers und Seest\u00e4dters Marc Miner kann dort auftreten, wer sich auf die B\u00fchne traut.<\/p>\n<p>Der Eintritt erfolgt gegen freiwillige Spende. Die Einnahmen werden laut Veranstalter unter den Auftretenden aufgeteilt.<\/p>\n<p> Ja, ich m\u00f6chte Inhalte von Sonstige angezeigt bekommen. <\/p>\n<p>Alles einblendenJetzt einblenden<\/p>\n<p> Ich bin einverstanden, dass mir externe Inhalte angezeigt werden. Damit k\u00f6nnen personenbezogene Daten an Drittplattformen \u00fcbermittelt werden. <a class=\"underline text-text\" target=\"_blank\" href=\"https:\/\/www.vienna.at\/features\/datenschutzerklaerung-vienna\" rel=\"nofollow noopener\"> Mehr dazu in unserer Datenschutzerkl\u00e4rung. <\/a><\/p>\n<p>Theater f\u00fcr Kinder und Jugendliche<\/p>\n<p>F\u00fcr ein j\u00fcngeres Publikum wird es am Donnerstag, 24. September, musikalisch und theatralisch.<\/p>\n<p>Das Junge Theater Wien zeigt gemeinsam mit der Musikgruppe Matojeni Melo-Maniacs aus Simbabwe und dem Theaterkollektiv Material f\u00fcr die n\u00e4chste Schicht das St\u00fcck \u201eUkukha amanzi \u2013 Wasser f\u00fcr alle\u201c.<\/p>\n<p>Im Mittelpunkt steht Wasser \u2013 ein Gut, das in \u00d6sterreich meist selbstverst\u00e4ndlich ist, in anderen Teilen der Welt aber knapp, teuer oder nur mit gro\u00dfem Aufwand verf\u00fcgbar sein kann.<\/p>\n<p>Beginn ist um 17 Uhr, der Eintritt ist frei.<\/p>\n<p>Auch abseits des Veranstaltungsprogramms l\u00e4sst sich das DOCK sportlich nutzen. Die vier Padel-Courts von Panda Padel sind t\u00e4glich von 8 bis 21 Uhr online buchbar.<\/p>\n<p>Die Nutzung ist kostenpflichtig, daf\u00fcr gibt es beim Spielen den Blick auf den See dazu.<\/p>\n<p>11. Seestadt Stra\u00dfenfest &amp; Lange Nacht der Wiener M\u00e4rkte<br \/>Freitag, 4. September 2026, ab 12 Uhr<br \/>Seeparkquartier \/ Eva-Maria-Mazzucco-Platz<br \/>Eintritt frei<\/p>\n<p>Open-Air-Kino: \u201eDer Held vom Bahnhof Friedrichstra\u00dfe\u201c<br \/>Samstag, 5. September 2026, 19.30 Uhr<br \/>DOCK Seestadt \/ Zaha-Hadid-Platz<br \/>Eintritt frei<\/p>\n<p>2. Sportfest Donaustadt<br \/>Samstag, 12. September 2026, ab 12 Uhr<br \/>Elinor-Ostrom-Park<br \/>Teilnahme kostenlos<\/p>\n<p>Seestadt Open Mic<br \/>Freitag, 18. September 2026, ab 19.30 Uhr<br \/>DOCK Seestadt \/ Zaha-Hadid-Platz<br \/>Eintritt: freiwillige Spende<\/p>\n<p>\u201eUkukha amanzi \u2013 Wasser f\u00fcr alle\u201c<br \/>Donnerstag, 24. September 2026, 17 Uhr<br \/>DOCK Seestadt \/ Zaha-Hadid-Platz<br \/>Eintritt frei<\/p>\n<p>Panda Padel am DOCK<br \/>T\u00e4glich von 8 bis 21 Uhr<br \/>DOCK Seestadt \/ Zaha-Hadid-Platz<br \/>Kostenpflichtig<\/p>\n","protected":false},"excerpt":{"rendered":"Luiza Puiu Stra\u00dfenfest, Open-Air-Kino, Sportfest und Open Mic: In der Seestadt stehen im September zahlreiche kostenlose Veranstaltungen auf&hellip;\n","protected":false},"author":2,"featured_media":371645,"comment_status":"","ping_status":"","sticky":false,"template":"","format":"standard","meta":{"footnotes":"","_share_on_mastodon":"0"},"categories":[28],"tags":[46,42,32707,3658,54521,775,1250,152,44,4105,37360,11627,93097,181,182,8142],"class_list":["post-371644","post","type-post","status-publish","format-standard","has-post-thumbnail","category-wien","tag-at","tag-austria","tag-dock","tag-donaustadt","tag-eintritt","tag-events","tag-kinder","tag-kino","tag-oesterreich","tag-programm","tag-seestadt","tag-september","tag-spaetsommer","tag-vienna","tag-wien","tag-wien-22-bezirk"],"share_on_mastodon":{"url":"https:\/\/pubeurope.com\/@at\/117203755025349653","error":""},"_links":{"self":[{"href":"https:\/\/www.europesays.com\/at\/wp-json\/wp\/v2\/posts\/371644","targetHints":{"allow":["GET"]}}],"collection":[{"href":"https:\/\/www.europesays.com\/at\/wp-json\/wp\/v2\/posts"}],"about":[{"href":"https:\/\/www.europesays.com\/at\/wp-json\/wp\/v2\/types\/post"}],"author":[{"embeddable":true,"href":"https:\/\/www.europesays.com\/at\/wp-json\/wp\/v2\/users\/2"}],"replies":[{"embeddable":true,"href":"https:\/\/www.europesays.com\/at\/wp-json\/wp\/v2\/comments?post=371644"}],"version-history":[{"count":0,"href":"https:\/\/www.europesays.com\/at\/wp-json\/wp\/v2\/posts\/371644\/revisions"}],"wp:featuredmedia":[{"embeddable":true,"href":"https:\/\/www.europesays.com\/at\/wp-json\/wp\/v2\/media\/371645"}],"wp:attachment":[{"href":"https:\/\/www.europesays.com\/at\/wp-json\/wp\/v2\/media?parent=371644"}],"wp:term":[{"taxonomy":"category","embeddable":true,"href":"https:\/\/www.europesays.com\/at\/wp-json\/wp\/v2\/categories?post=371644"},{"taxonomy":"post_tag","embeddable":true,"href":"https:\/\/www.europesays.com\/at\/wp-json\/wp\/v2\/tags?post=371644"}],"curies":[{"name":"wp","href":"https:\/\/api.w.org\/{rel}","templated":true}]}}