{"id":371646,"date":"2026-09-02T22:17:56","date_gmt":"2026-09-02T22:17:56","guid":{"rendered":"https:\/\/www.europesays.com\/at\/371646\/"},"modified":"2026-09-02T22:17:56","modified_gmt":"2026-09-02T22:17:56","slug":"koelner-treff-im-wdr-anne-will-und-peter-brings-am-freitag-im-tv-zu-sehen","status":"publish","type":"post","link":"https:\/\/www.europesays.com\/at\/371646\/","title":{"rendered":"&#8222;K\u00f6lner Treff&#8220; im WDR: Anne Will und Peter Brings am Freitag im TV zu sehen"},"content":{"rendered":"<p>WDR-Talkshow <\/p>\n<p>Kult-Musiker ist am Freitag beim &#8222;K\u00f6lner Treff&#8220; dabei<\/p>\n<p>Aktualisiert am 28.08.2026Lesedauer: 3 Min.<\/p>\n<p><a href=\"#focus-0\" class=\"transition-colors block text-current relative\" data-sctrack=\"FocusGalleryImage.Reference\"><img fetchpriority=\"high\" data-testid=\"Opener.Image\"   loading=\"eager\" src=\"https:\/\/www.europesays.com\/at\/wp-content\/uploads\/2026\/09\/die-moderatoren-susan-link-und-micky-beisenherz-archivbild-am-freitag-ermpfangen-sie-wieder-gaeste-b.jpeg\" alt=\"Die Moderatoren Susan Link und Micky Beisenherz (Archivbild): Am Freitag ermpfangen sie wieder G\u00e4ste beim &quot;K\u00f6lner Treff&quot;.\" title=\"Die Moderatoren Susan Link und Micky Beisenherz (Archivbild): Am Freitag ermpfangen sie wieder G\u00e4ste beim &quot;K\u00f6lner Treff&quot;.\" width=\"5566\" height=\"3131\" class=\"bg-[url:var(--lqipURL)] bg-cover bg-center flex h-full w-full max-w-full\" style=\"--lqipURL:url('https:\/\/images.t-online.de\/2026\/08\/7jWBQMEgCjRk\/0x402:5566x3131\/fit-in\/150x0\/filters:blur(25)\/die-moderatoren-susan-link-und-micky-beisenherz-archivbild-am-freitag-ermpfangen-sie-wieder-gaeste-beim-koelner-treff.jpg')\" decoding=\"async\"\/><img loading=\"lazy\" src=\"https:\/\/koeln.t-online.de\/s\/paper\/_next\/static\/media\/zoom-in.f7dae02f.svg\" alt=\"Vergr\u00f6\u00dfern des Bildes\" title=\"Vergr\u00f6\u00dfern des Bildes\" class=\"block h-[calc(var(--height)_\/_16_*_1rem)] w-[calc(var(--width)_\/_16_*_1rem)] max-w-none absolute right-8 bottom-8 rounded-4 bg-snow p-8\" style=\"--width:32;--height:32\" decoding=\"async\"\/><\/a><\/p>\n<p>Die Moderatoren Susan Link und Micky Beisenherz (Archivbild): Am Freitag ermpfangen sie wieder G\u00e4ste beim &#8222;K\u00f6lner Treff&#8220;. (Quelle: IMAGO\/Malte Ossowski\/SVEN SIMON\/imago)<\/p>\n<p><img loading=\"lazy\" src=\"https:\/\/koeln.t-online.de\/s\/paper\/_next\/static\/media\/audio-volume.6689034c.svg\" alt=\"\" title=\"\" class=\"block h-[calc(var(--height)_\/_16_*_1rem)] w-[calc(var(--width)_\/_16_*_1rem)] max-w-none group-hover:brightness-0 group-hover:invert\" style=\"--width:16;--height:16\" decoding=\"async\"\/>Vorlesen<\/p>\n<p>Aktuelle Zeit:0:00Gesamtdauer:0:00<\/p>\n<p>1x<img loading=\"lazy\" src=\"https:\/\/koeln.t-online.de\/s\/paper\/_next\/static\/media\/font-sizes.32942e33.svg\" alt=\"\" title=\"\" class=\"block h-[calc(var(--height)_\/_16_*_1rem)] w-[calc(var(--width)_\/_16_*_1rem)] max-w-none group-hover:hidden group-aria-expanded:hidden\" style=\"--width:16;--height:16\" decoding=\"async\"\/><img loading=\"lazy\" src=\"https:\/\/koeln.t-online.de\/s\/paper\/_next\/static\/media\/font-sizes-dark-mode.e382645c.svg\" alt=\"\" title=\"\" class=\"block h-[calc(var(--height)_\/_16_*_1rem)] w-[calc(var(--width)_\/_16_*_1rem)] max-w-none hidden group-hover:block group-aria-expanded:block\" style=\"--width:16;--height:16\" decoding=\"async\"\/><img loading=\"lazy\" src=\"https:\/\/koeln.t-online.de\/s\/paper\/_next\/static\/media\/sharing-menu-icon.1eb71368.svg\" alt=\"\" title=\"\" class=\"block h-[calc(var(--height)_\/_16_*_1rem)] w-[calc(var(--width)_\/_16_*_1rem)] max-w-none group-hover:brightness-0 group-hover:invert\" style=\"--width:16;--height:16\" decoding=\"async\"\/>Artikel teilen<\/p>\n<p class=\"font-bold text-18 leading-17 user-text-lg:text-22 user-text-xl:text-24\">Am Freitag zeigt der WDR eine neue Ausgabe der Talkshow &#8222;K\u00f6lner Treff&#8220; mit Susan Link und Micky Beisenherz. Mit dabei ist auch ein K\u00f6lner Kult-Musiker.<\/p>\n<p class=\"text-18 leading-17 user-text-lg:text-22 user-text-xl:text-24\">Nachdem der &#8222;K\u00f6lner Treff&#8220; in der vergangenen Woche ausgefallen ist, k\u00f6nnen sich die WDR-Zuschauer am Freitag, 28. August, auf eine neue Ausgabe der beliebten Talkshow freuen. Ab 22 Uhr zeigt der Sender eine frische Folge des Formats mit den Moderatoren Susan Link und Micky Beisenherz.<\/p>\n<p class=\"text-18 leading-17 user-text-lg:text-22 user-text-xl:text-24\">Und: In dieser Woche k\u00f6nnen sich besonders K\u00f6lner auf die Sendung freuen. Neben Anne Will ist n\u00e4mlich auch ein anderes K\u00f6lner Urgestein am Freitag mit von der Partie.<\/p>\n<p>Anne Will am Freitag beim &#8222;K\u00f6lner Treff&#8220; im WDR<\/p>\n<p class=\"text-18 leading-17 user-text-lg:text-22 user-text-xl:text-24\"><a href=\"https:\/\/www.t-online.de\/unterhaltung\/stars\/id_100627094\/anne-will-das-wurde-aus-ihrer-ex-freundin-miriam-meckel.html\" class=\"transition-colors cursor-pointer no-underline md:hover:text-magenta md:focus:text-magenta border-b border-solid border-current text-salemsfur md:hover:border-magenta\" data-tracking=\"{&quot;action&quot;:&quot;click&quot;,&quot;category&quot;:&quot;intextLink&quot;,&quot;label&quot;:&quot;https:\/\/www.t-online.de\/unterhaltung\/stars\/id_100627094\/anne-will-das-wurde-aus-ihrer-ex-freundin-miriam-meckel.html&quot;}\" data-sctrack=\"BodyAnchor\" rel=\"nofollow noopener\" target=\"_blank\">Moderatorin Anne Will lebt zwar bereits seit einer langen Zeit in Berlin<\/a>, startete ihre Karriere aber in K\u00f6ln. Zwar wuchs Will in H\u00fcrth auf, studierte ab 1985 jedoch Geschichte, Politikwissenschaft und Anglistik an der Universit\u00e4t zu K\u00f6ln sowie an der Freien Universit\u00e4t Berlin. W\u00e4hrend des Studiums war die heute 60-J\u00e4hrige bereits als Journalistin bei der &#8222;K\u00f6lnischen Rundschau&#8220; t\u00e4tig, ehe sie die Uni 1990 mit einem Magister-Abschluss verlie\u00df. Auch heute noch ziehe es Will laut WDR regelm\u00e4\u00dfig nach K\u00f6ln, das Rheinische liege ihr noch immer im Blut, so der Sender.<\/p>\n<p><a href=\"#focus-1\" class=\"transition-colors block text-current relative\" data-sctrack=\"FocusGalleryImage.Reference\"><img   loading=\"lazy\" src=\"https:\/\/www.europesays.com\/at\/wp-content\/uploads\/2026\/09\/moderatorin-und-journalistin-anne-will-archivbild-sie-studierte-unter-anderem-an-der-universitaet-zu.jpeg\" alt=\"Moderatorin und Journalistin Anne Will (Archivbild): Sie studierte unter anderem an der Universit\u00e4t zu K\u00f6ln.\" title=\"Moderatorin und Journalistin Anne Will (Archivbild): Sie studierte unter anderem an der Universit\u00e4t zu K\u00f6ln.\" width=\"6000\" height=\"3374\" class=\"h-full w-full max-w-full rounded-8\" decoding=\"async\"\/><img loading=\"lazy\" src=\"https:\/\/koeln.t-online.de\/s\/paper\/_next\/static\/media\/zoom-in.f7dae02f.svg\" alt=\"Vergr\u00f6\u00dfern des Bildes\" title=\"Vergr\u00f6\u00dfern des Bildes\" class=\"block h-[calc(var(--height)_\/_16_*_1rem)] w-[calc(var(--width)_\/_16_*_1rem)] max-w-none absolute right-8 bottom-8 rounded-4 bg-snow p-8\" style=\"--width:32;--height:32\" decoding=\"async\"\/>Moderatorin und Journalistin Anne Will (Archivbild): Sie studierte unter anderem an der Universit\u00e4t zu K\u00f6ln. (Quelle: IMAGO\/Stephan Wallocha\/imago)<\/a><\/p>\n<p>&#8222;K\u00f6lner Treff&#8220; im WDR-Fernsehen mit Abdul Kader Chahin<\/p>\n<p class=\"text-18 leading-17 user-text-lg:text-22 user-text-xl:text-24\"><a href=\"https:\/\/www.t-online.de\/nachrichten\/deutschland\/gesellschaft\/id_100389066\/gruenen-chef-nouripour-appelliert-bei-illner-islam-zentrum-schliessen.html\" class=\"transition-colors cursor-pointer no-underline md:hover:text-magenta md:focus:text-magenta border-b border-solid border-current text-salemsfur md:hover:border-magenta\" data-tracking=\"{&quot;action&quot;:&quot;click&quot;,&quot;category&quot;:&quot;intextLink&quot;,&quot;label&quot;:&quot;https:\/\/www.t-online.de\/nachrichten\/deutschland\/gesellschaft\/id_100389066\/gruenen-chef-nouripour-appelliert-bei-illner-islam-zentrum-schliessen.html&quot;}\" data-sctrack=\"BodyAnchor\" rel=\"nofollow noopener\" target=\"_blank\">Der Poetry Slammer und Comedian Abdul Kader Chahin wurde als Kind pal\u00e4stinensischer Gefl\u00fcchteter in Siegburg geboren<\/a> und wuchs anschlie\u00dfend in einem Asylheim in Duisburg-Marxloh auf. Im Jahr 2025 wurde er Deutscher Poetry-Slam-Meister, ab Herbst wird Chahin mit seinem neuen Programm &#8222;Ehrenlos&#8220; durch Deutschland touren. Abseits der B\u00fchne engagiert sich der Comedian in der sozialen Arbeit und in der Antisemitismus-Pr\u00e4vention. Beim &#8222;K\u00f6lner Treff&#8220; wird er laut dem WDR erz\u00e4hlen, &#8222;wie er sich durch eine harte Jugend boxte, im Jugendzentrum anfing zu schreiben und den Weg auf die Comedyb\u00fchnen des Landes fand:&#8220;<\/p>\n<p><a href=\"#focus-2\" class=\"transition-colors block text-current relative\" data-sctrack=\"FocusGalleryImage.Reference\"><img   loading=\"lazy\" src=\"https:\/\/www.europesays.com\/at\/wp-content\/uploads\/2026\/09\/abdul-kader-chahin-bei-einem-auftritt-archivbild-ab-herbst-tourt-der-comedian-durch-deutschland.jpg\" alt=\"Abdul Kader Chahin bei einem Auftritt (Archivbild): Ab Herbst tourt der Comedian durch Deutschland.\" title=\"Abdul Kader Chahin bei einem Auftritt (Archivbild): Ab Herbst tourt der Comedian durch Deutschland.\" width=\"3000\" height=\"1688\" class=\"h-full w-full max-w-full rounded-8\" decoding=\"async\"\/><img loading=\"lazy\" src=\"https:\/\/koeln.t-online.de\/s\/paper\/_next\/static\/media\/zoom-in.f7dae02f.svg\" alt=\"Vergr\u00f6\u00dfern des Bildes\" title=\"Vergr\u00f6\u00dfern des Bildes\" class=\"block h-[calc(var(--height)_\/_16_*_1rem)] w-[calc(var(--width)_\/_16_*_1rem)] max-w-none absolute right-8 bottom-8 rounded-4 bg-snow p-8\" style=\"--width:32;--height:32\" decoding=\"async\"\/>Abdul Kader Chahin bei einem Auftritt (Archivbild): Ab Herbst tourt der Comedian durch Deutschland. (Quelle: IMAGO\/Eventpress Fuhr\/imago)<\/a><\/p>\n","protected":false},"excerpt":{"rendered":"WDR-Talkshow Kult-Musiker ist am Freitag beim &#8222;K\u00f6lner Treff&#8220; dabei Aktualisiert am 28.08.2026Lesedauer: 3 Min. Die Moderatoren Susan Link&hellip;\n","protected":false},"author":2,"featured_media":371647,"comment_status":"","ping_status":"","sticky":false,"template":"","format":"standard","meta":{"footnotes":"","_share_on_mastodon":"0"},"categories":[25],"tags":[18482,93098,90562,46,42,245,257,93099,10499,147,42248,44121,47913,2277,180,2074,93101,93100,2079,6342,44,86996,156,155,93102,2078,3968,3091,609,148,2075],"class_list":["post-371646","post","type-post","status-publish","format-standard","has-post-thumbnail","category-serien","tag-18482","tag-abdul-kader-chahin","tag-anne-will","tag-at","tag-austria","tag-berlin","tag-deutschland","tag-dilek-guersoy","tag-duisburg","tag-entertainment","tag-freie-universitaet-berlin","tag-herbert-reul","tag-huerth","tag-kind","tag-koeln","tag-koelner-treff","tag-laura-stegemann","tag-maria-stegemann","tag-micky-beisenherz","tag-nordrhein-westfalen","tag-oesterreich","tag-peter-brings","tag-serien","tag-series","tag-siegburg","tag-susan-link","tag-t-online","tag-talkshow","tag-universitaet","tag-unterhaltung","tag-wdr"],"share_on_mastodon":{"url":"https:\/\/pubeurope.com\/@at\/117203770905327936","error":""},"_links":{"self":[{"href":"https:\/\/www.europesays.com\/at\/wp-json\/wp\/v2\/posts\/371646","targetHints":{"allow":["GET"]}}],"collection":[{"href":"https:\/\/www.europesays.com\/at\/wp-json\/wp\/v2\/posts"}],"about":[{"href":"https:\/\/www.europesays.com\/at\/wp-json\/wp\/v2\/types\/post"}],"author":[{"embeddable":true,"href":"https:\/\/www.europesays.com\/at\/wp-json\/wp\/v2\/users\/2"}],"replies":[{"embeddable":true,"href":"https:\/\/www.europesays.com\/at\/wp-json\/wp\/v2\/comments?post=371646"}],"version-history":[{"count":0,"href":"https:\/\/www.europesays.com\/at\/wp-json\/wp\/v2\/posts\/371646\/revisions"}],"wp:featuredmedia":[{"embeddable":true,"href":"https:\/\/www.europesays.com\/at\/wp-json\/wp\/v2\/media\/371647"}],"wp:attachment":[{"href":"https:\/\/www.europesays.com\/at\/wp-json\/wp\/v2\/media?parent=371646"}],"wp:term":[{"taxonomy":"category","embeddable":true,"href":"https:\/\/www.europesays.com\/at\/wp-json\/wp\/v2\/categories?post=371646"},{"taxonomy":"post_tag","embeddable":true,"href":"https:\/\/www.europesays.com\/at\/wp-json\/wp\/v2\/tags?post=371646"}],"curies":[{"name":"wp","href":"https:\/\/api.w.org\/{rel}","templated":true}]}}