{"id":371654,"date":"2026-09-02T22:23:08","date_gmt":"2026-09-02T22:23:08","guid":{"rendered":"https:\/\/www.europesays.com\/at\/371654\/"},"modified":"2026-09-02T22:23:08","modified_gmt":"2026-09-02T22:23:08","slug":"grazer-ruesten-auf-sturm-mit-transfer-hit-oesterreich-statt-mehr-geld-kronen-zeitung","status":"publish","type":"post","link":"https:\/\/www.europesays.com\/at\/371654\/","title":{"rendered":"Grazer r\u00fcsten auf &#8211; Sturm mit Transfer-Hit: \u00d6sterreich statt mehr Geld &#8211; Kronen Zeitung"},"content":{"rendered":"<p><a href=\"https:\/\/news.google.com\/rss\/articles\/CBMiQkFVX3lxTE1hbHc1UkliMVR4OFBqcWxwTy00RTJ3SDMyUG9abnBWLUYzUVJkU2VOLUJWUUYtZGZVRk03aHd6cVlqUQ?oc=5\" target=\"_blank\" rel=\"nofollow noopener\">Grazer r\u00fcsten auf &#8211; Sturm mit Transfer-Hit: \u00d6sterreich statt mehr Geld<\/a>&nbsp;&nbsp;Kronen Zeitung<a href=\"https:\/\/news.google.com\/rss\/articles\/CBMiuAFBVV95cUxNYmVHd2lFTmZhalRrQ01za0tKTERiX2M1R0pONVc1c2pmNDJOQmU3ZEVramdVWjMzMFZfY0I5TkJvLS0tR0dKY2NjZEY2Ymdlc2w0emNPLXg1NjU1eXRXRExTZHlDU25pTUtfUWxuaHRfc2NnZkhrLUJHVmFib3h0M1lMWUdxaHNpZ1l5VWFmdnlmVkZ1LU5JbFdpTWFxdnRTQTE4QnN4RVVxS2txc2dDbEVZRU9tRDBL?oc=5\" target=\"_blank\" rel=\"nofollow noopener\">Sturm leiht Ex-Salzburger Diakit\u00e9 aus Reims \u2013 \u201eSchon lange am Schirm\u201c<\/a>&nbsp;&nbsp;Transfermarkt<a href=\"https:\/\/news.google.com\/rss\/articles\/CBMikwFBVV95cUxONmJxd2JCSnBaUmlhMXpBUEpYcURYTUE4ZWZzRVlBY1lzMTB0RGV1blMtZUxmbTB4YjBZcDlYRHBPRktHd2RtdTVlSjJYZFNhYjFTN1ZpS2pvZWFiNzJWUG1oUmduWEwtb3M5OE1FVmFGUS1ySWE2MnlGcklEaEdLSHQxN3p2UWx3R0NGazdNZnNnVlU?oc=5\" target=\"_blank\" rel=\"nofollow noopener\">Sturm verst\u00e4rkt sich mit ivorischem Nationalst\u00fcrmer Diakite<\/a>&nbsp;&nbsp;VOL.AT<a href=\"https:\/\/news.google.com\/rss\/articles\/CBMigAFBVV95cUxNbDJlWUFQak9GQVlGc2tsOElwWWNNS2VEUThVb1VkZ1dqOHRkbkRFa0U5eTJJWVNJQ0drNWtJRldxTG1NZjB6MFBoR05raEszWXdUVnhGWXdxZ092dnU2a0NoUkxWdU9qRjZlZjR3OXc1b0JpbkFNUlF6MXRYWGEzdA?oc=5\" target=\"_blank\" rel=\"nofollow noopener\">Offiziell: Sturm Graz holt Angreifer Diakit\u00e9<\/a>&nbsp;&nbsp;Sky Sport Austria<a href=\"https:\/\/news.google.com\/rss\/articles\/CBMi1wFBVV95cUxNMy1WOGlydVBUNWJqS2N2MjF0bzhwR1d5NVdickM4akFmS0VIVWQ3RmlqQUFDYXc5Z0NES2JRSjhUM1RkUG1qVDJZQ3oxUHlhc05iTi01SUpWckZrUnFTN3hCZTcwZHc5a2g1SnNRQ2ZKcVRFRGVOekp6UnI3dkljYnE2RFcwOGQtMlRhVWk1Wk5WZl81Wjd0dmQ0QkdRMi0zS21DZ2Y4WWIzOERvaXpfbFYwYXJsRm9OeUNmNjhXSnlYZ2dFajZrSVpJSHB0LUJOSkdwOFdGVQ?oc=5\" target=\"_blank\" rel=\"nofollow noopener\">Sky: Diakit\u00e9 wechselt zu Sturm Graz<\/a>&nbsp;&nbsp;n-tv.de<\/p>\n","protected":false},"excerpt":{"rendered":"Grazer r\u00fcsten auf &#8211; Sturm mit Transfer-Hit: \u00d6sterreich statt mehr Geld&nbsp;&nbsp;Kronen ZeitungSturm leiht Ex-Salzburger Diakit\u00e9 aus Reims \u2013&hellip;\n","protected":false},"author":2,"featured_media":371655,"comment_status":"","ping_status":"","sticky":false,"template":"","format":"standard","meta":{"footnotes":"","_share_on_mastodon":"0"},"categories":[18],"tags":[46,42,21079,33521,70134,75,4241,93103,2381,11279,67094,55266,4242,32638,7436,16820,44,93104,92927,109,108,93105,10803,8451,74927,81105],"class_list":["post-371654","post","type-post","status-publish","format-standard","has-post-thumbnail","category-sport","tag-at","tag-austria","tag-beganovic","tag-daniil-khudyakov","tag-diakite","tag-europa","tag-fabio-ingolitsch","tag-fabio-ingolitsch-um","tag-ferdl-feldhofer","tag-franzoesischen","tag-geyrhofer","tag-grgic","tag-ingolitsch","tag-jatta","tag-kayombo","tag-michael-parensen","tag-oesterreich","tag-oumar","tag-oumar-diakite","tag-sport","tag-sports","tag-stefan-loch","tag-tom-ritzy-huelsmann","tag-tuerkei","tag-weiper","tag-wlodarczyk"],"share_on_mastodon":{"url":"","error":""},"_links":{"self":[{"href":"https:\/\/www.europesays.com\/at\/wp-json\/wp\/v2\/posts\/371654","targetHints":{"allow":["GET"]}}],"collection":[{"href":"https:\/\/www.europesays.com\/at\/wp-json\/wp\/v2\/posts"}],"about":[{"href":"https:\/\/www.europesays.com\/at\/wp-json\/wp\/v2\/types\/post"}],"author":[{"embeddable":true,"href":"https:\/\/www.europesays.com\/at\/wp-json\/wp\/v2\/users\/2"}],"replies":[{"embeddable":true,"href":"https:\/\/www.europesays.com\/at\/wp-json\/wp\/v2\/comments?post=371654"}],"version-history":[{"count":0,"href":"https:\/\/www.europesays.com\/at\/wp-json\/wp\/v2\/posts\/371654\/revisions"}],"wp:featuredmedia":[{"embeddable":true,"href":"https:\/\/www.europesays.com\/at\/wp-json\/wp\/v2\/media\/371655"}],"wp:attachment":[{"href":"https:\/\/www.europesays.com\/at\/wp-json\/wp\/v2\/media?parent=371654"}],"wp:term":[{"taxonomy":"category","embeddable":true,"href":"https:\/\/www.europesays.com\/at\/wp-json\/wp\/v2\/categories?post=371654"},{"taxonomy":"post_tag","embeddable":true,"href":"https:\/\/www.europesays.com\/at\/wp-json\/wp\/v2\/tags?post=371654"}],"curies":[{"name":"wp","href":"https:\/\/api.w.org\/{rel}","templated":true}]}}