{"id":371664,"date":"2026-09-02T22:28:10","date_gmt":"2026-09-02T22:28:10","guid":{"rendered":"https:\/\/www.europesays.com\/at\/371664\/"},"modified":"2026-09-02T22:28:10","modified_gmt":"2026-09-02T22:28:10","slug":"bis-zu-29-grad-so-sonnig-wird-der-donnerstag","status":"publish","type":"post","link":"https:\/\/www.europesays.com\/at\/371664\/","title":{"rendered":"Bis zu 29 Grad: So sonnig wird der Donnerstag"},"content":{"rendered":"<p class=\"wp-block-paragraph\">Nach den teils heftigen Gewittern am Mittwoch beruhigt sich das Wetter in der Steiermark am Donnerstag wieder. Der Tag bringt viel Sonnenschein und bleibt voraussichtlich durchwegs trocken. Am Vormittag k\u00f6nnen noch ausgedehntere Wolkenfelder \u00fcber das Land ziehen. Lokal sind zudem Fr\u00fchnebelfelder m\u00f6glich, die sich allerdings rasch aufl\u00f6sen sollen. Danach zeigt sich vielerorts die Sonne. Am Nachmittag bilden sich einige Quellwolken, Schauer oder Gewitter werden jedoch nicht erwartet. In h\u00f6heren Lagen und in der Obersteiermark weht m\u00e4\u00dfiger Nordwestwind. In der Fr\u00fch liegen die Temperaturen zwischen 9 und 16 Grad. Tags\u00fcber wird es wieder sommerlich warm: Die H\u00f6chstwerte reichen von rund 22 Grad in Mariazell bis zu 29 Grad in Bad Radkersburg.<\/p>\n","protected":false},"excerpt":{"rendered":"Nach den teils heftigen Gewittern am Mittwoch beruhigt sich das Wetter in der Steiermark am Donnerstag wieder. Der&hellip;\n","protected":false},"author":2,"featured_media":371665,"comment_status":"","ping_status":"","sticky":false,"template":"","format":"standard","meta":{"footnotes":"","_share_on_mastodon":"0"},"categories":[6],"tags":[46,42,44,43,45],"class_list":["post-371664","post","type-post","status-publish","format-standard","has-post-thumbnail","category-oesterreich","tag-at","tag-austria","tag-oesterreich","tag-republic-of-austria","tag-republik-oesterreich"],"share_on_mastodon":{"url":"https:\/\/pubeurope.com\/@at\/117203809324379618","error":""},"_links":{"self":[{"href":"https:\/\/www.europesays.com\/at\/wp-json\/wp\/v2\/posts\/371664","targetHints":{"allow":["GET"]}}],"collection":[{"href":"https:\/\/www.europesays.com\/at\/wp-json\/wp\/v2\/posts"}],"about":[{"href":"https:\/\/www.europesays.com\/at\/wp-json\/wp\/v2\/types\/post"}],"author":[{"embeddable":true,"href":"https:\/\/www.europesays.com\/at\/wp-json\/wp\/v2\/users\/2"}],"replies":[{"embeddable":true,"href":"https:\/\/www.europesays.com\/at\/wp-json\/wp\/v2\/comments?post=371664"}],"version-history":[{"count":0,"href":"https:\/\/www.europesays.com\/at\/wp-json\/wp\/v2\/posts\/371664\/revisions"}],"wp:featuredmedia":[{"embeddable":true,"href":"https:\/\/www.europesays.com\/at\/wp-json\/wp\/v2\/media\/371665"}],"wp:attachment":[{"href":"https:\/\/www.europesays.com\/at\/wp-json\/wp\/v2\/media?parent=371664"}],"wp:term":[{"taxonomy":"category","embeddable":true,"href":"https:\/\/www.europesays.com\/at\/wp-json\/wp\/v2\/categories?post=371664"},{"taxonomy":"post_tag","embeddable":true,"href":"https:\/\/www.europesays.com\/at\/wp-json\/wp\/v2\/tags?post=371664"}],"curies":[{"name":"wp","href":"https:\/\/api.w.org\/{rel}","templated":true}]}}