{"id":371694,"date":"2026-09-02T22:47:21","date_gmt":"2026-09-02T22:47:21","guid":{"rendered":"https:\/\/www.europesays.com\/at\/371694\/"},"modified":"2026-09-02T22:47:21","modified_gmt":"2026-09-02T22:47:21","slug":"tragoedie-im-gailtal-vater-stirbt-bei-motocross-unfall-sohn-schwer-verletzt","status":"publish","type":"post","link":"https:\/\/www.europesays.com\/at\/371694\/","title":{"rendered":"Trag\u00f6die im Gailtal: Vater stirbt bei Motocross-Unfall &#8211; Sohn schwer verletzt"},"content":{"rendered":"<p>Trag\u00f6die im Gailtal<\/p>\n<p>                        Vater stirbt bei Motocross-Unfall &#8211; Sohn schwer verletzt<\/p>\n<p>                                                                            2. September 2026, 17:09\u00a0Uhr<\/p>\n<p>                            <a class=\"content-author-avatar-block\" href=\"https:\/\/www.meinbezirk.at\/klagenfurt\/profile-683461\/laura-anna-kahl?type=article\" rel=\"nofollow noopener\" target=\"_blank\"><\/p>\n<p>                                                                            <img class=\"imagecontainer\" decoding=\"auto\" data-aspect-ratio=\"1.333333333\" src=\"https:\/\/media04.meinbezirk.at\/user\/2023\/02\/23\/1\/141361_L.jpg?1677162479\" style=\"object-position: 47% 43%;\" data-object-position=\"47% 43%\" bad-src=\"data:image\/gif;base64,R0lGODlhAQABAIAAAAAAAP\/\/\/yH5BAEAAAAALAAAAAABAAEAAAIBRAA7\"\/><\/p>\n<p>                <\/a><\/p>\n<p>Redaktion<\/p>\n<p>                                <a class=\"content-author-link\" href=\"https:\/\/www.meinbezirk.at\/klagenfurt\/profile-683461\/laura-anna-kahl?type=article\" rel=\"nofollow noopener\" target=\"_blank\">Laura Anna Kahl<\/a><\/p>\n<p>                    Du m\u00f6chtest dieses Profil zu deinen Favoriten hinzuf\u00fcgen?<\/p>\n<p>Verpasse nicht die neuesten Inhalte von diesem Profil: Melde dich an, um neue Inhalte von Profilen und Bezirken zu deinen pers\u00f6nlichen Favoriten hinzuf\u00fcgen zu k\u00f6nnen.<\/p>\n<p>            \u00d7<\/p>\n<p>                    Dieser Inhalt gef\u00e4llt Dir?<\/p>\n<p>Melde Dich an, um diesen Inhalt mit \u00abGef\u00e4llt mir\u00bb zu markieren.<\/p>\n<p>            \u00d7<\/p>\n<p>        <a href=\"#\" data-trigger-click-on-space-or-enter=\"\" class=\"button ggm-like-button hollow\" title=\"Gef\u00e4llt mir\" data-open=\"like-conversion-6a98a770e25f6\"><\/p>\n<p>        <\/a><\/p>\n<p>\n        0<br \/>\n        0\n    <\/p>\n<p>                            <img class=\"imagecontainer\" loading=\"eager\" fetchpriority=\"auto\" decoding=\"auto\" data-aspect-ratio=\"0.560403963\" src=\"https:\/\/www.europesays.com\/at\/wp-content\/uploads\/2026\/09\/52406120_L.webp\" alt=\"Foto: stock.adobe.com\/at\/AH TAR STOCK\"\/><\/p>\n<p>Im Gailtal soll ein Motocrossfahrer gegen ein Baum geprallt und t\u00f6dlich verletzt worden sein. Das berichtete der ORF heute.<br \/>\u00a0<br \/>GAILTAL. In K\u00f6stendorf bei St. Stefan an der Gail soll es am Mittwoch zu einem t\u00f6dlichen Unfall auf einer Forststra\u00dfe gekommen sein. Wie der ORF berichtet, waren zwei Motocrossfahrer \u2013 ein Vater und sein 16-j\u00e4hriger Sohn \u2013 unterwegs, als sie gegen einen umgest\u00fcrzten Baum prallten. Der Vater erlitt dabei t\u00f6dliche Verletzungen.<\/p>\n<p>Vater gestorben<\/p>\n<p>Pressesprecherin Waltraud Dullnigg best\u00e4tigte gegen\u00fcber MeinBezirk.at, dass bei dem Unfall eine Person ums Leben kam. Weitere Informationen konnten zum jetzigen Zeitpunkt noch nicht bekannt gegeben werden.<\/p>\n<p>Sohn schwer verletzt<\/p>\n<p>Der 16-j\u00e4hrige Sohn soll bei dem Unfall schwere Verletzungen erlitten haben und mit dem Rettungshubschrauber ins Klinikum Klagenfurt geflogen worden sein, so der ORF. Mehrere Feuerwehren standen bei dem schwierigen Bergeeinsatz im Einsatz.<\/p>\n<p>Anzeige<\/p>\n<p>                                    <a href=\"https:\/\/www.meinbezirk.at\/villach\/c-lokales\/jetzt-foto-von-dir-und-deinem-tierischen-liebling-einsenden-und-gewinnen_a8849003?ref=curate\" class=\"stop-click-event-propagation\" rel=\"nofollow noopener\" target=\"_blank\"><\/p>\n<p>                                                                            <img class=\"imagecontainer\" decoding=\"auto\" data-aspect-ratio=\"0.561702128\" src=\"https:\/\/www.europesays.com\/at\/wp-content\/uploads\/2026\/09\/52278233_L.webp\"\/><\/p>\n<p>                                    <\/a><\/p>\n<p>                                1<\/p>\n<p>                <a href=\"https:\/\/www.meinbezirk.at\/villach\/c-lokales\/jetzt-foto-von-dir-und-deinem-tierischen-liebling-einsenden-und-gewinnen_a8849003?ref=curate\" class=\"stop-click-event-propagation\" rel=\"nofollow noopener\" target=\"_blank\"><\/p>\n<p>\n                            Gewinnspiel\n                        <\/p>\n<p>                                        Jetzt Foto von dir und deinem tierischen Liebling einsenden und gewinnen!<br \/>\n                <\/a><\/p>\n<p class=\"line-clamp\" style=\"--line-clamp: 4\">\n                        Zeig dich mit deinem tierischen Liebling: Ob beim Spielen, auf Reisen oder einfach zu Hause \u2013 mit unseren tierischen Lieblingen entstehen immer wieder sch\u00f6ne, lustige und besondere Momente. Zeig uns deinen liebsten gemeinsamen Schnappschuss und schick dein Lieblingsfoto bis 6. September 2026 an marketing.kaernten@meinbezirk.at. Aus allen Einsendungen w\u00e4hlt Perro seine pers\u00f6nlichen Favoriten aus, die anschlie\u00dfend beim Publikumsvoting um die drei ersten Pl\u00e4tze k\u00e4mpfen. Also schnell mitmachen und&#8230;\n                    <\/p>\n<p>Anzeige<\/p>\n<p>                                    <a href=\"https:\/\/www.meinbezirk.at\/klagenfurt\/c-lokales\/fest-der-stimmen-goldener-heimatherbst-in-muehldorf_a8871077?ref=curate\" class=\"stop-click-event-propagation\" rel=\"nofollow noopener\" target=\"_blank\"><\/p>\n<p>                                                                            <img class=\"imagecontainer\" decoding=\"auto\" data-aspect-ratio=\"0.727590221\" src=\"https:\/\/www.europesays.com\/at\/wp-content\/uploads\/2026\/09\/52324304_L.webp\"\/><\/p>\n<p>                                    <\/a><\/p>\n<p>                                Aktion<\/p>\n<p>                                2<\/p>\n<p>                <a href=\"https:\/\/www.meinbezirk.at\/klagenfurt\/c-lokales\/fest-der-stimmen-goldener-heimatherbst-in-muehldorf_a8871077?ref=curate\" class=\"stop-click-event-propagation\" rel=\"nofollow noopener\" target=\"_blank\"><\/p>\n<p>\n                            Gewinnspiel\n                        <\/p>\n<p>                                        Fest der Stimmen \u2013 Goldener Heimatherbst in M\u00fchldorf<br \/>\n                <\/a><\/p>\n<p class=\"line-clamp\" style=\"--line-clamp: 4\">\n                        Die Konzertreihe Fest der Stimmen geht mit \u201eGoldener Herbst\u201c in die n\u00e4chste Runde. Gewinne Karten mit MeinBezirk M\u00dcHLDORF. Am Freitag, dem 11. September 2026, um 19:30 Uhr startet im Kultursaal M\u00fchldorf der Goldene Heimatherbst von Volkskult.at. Ein Abend voller starker Stimmen, echter Volksmusik und K\u00e4rntner Lebensgef\u00fchl wartet auf das Publikum. Karten im Vorverkauf sichernEin guter Vorverkauf ist die beste Unterst\u00fctzung f\u00fcr die Ch\u00f6re, Musikanten und die K\u00e4rntner Volkskultur. Tickets gibt es&#8230;\n                    <\/p>\n<p>Anzeige<\/p>\n<p>                                    <a href=\"https:\/\/www.meinbezirk.at\/villach\/c-lokales\/schuleinkauf-im-wert-von-250-bei-strein-1923-gewinnen_a8833213?ref=curate\" class=\"stop-click-event-propagation\" rel=\"nofollow noopener\" target=\"_blank\"><\/p>\n<p>                                                                            <img class=\"imagecontainer\" decoding=\"auto\" data-aspect-ratio=\"0.561702128\" src=\"https:\/\/www.europesays.com\/at\/wp-content\/uploads\/2026\/09\/52299116_L.webp\"\/><\/p>\n<p>                                    <\/a><\/p>\n<p>                                1<\/p>\n<p>                                Aktion<\/p>\n<p>                <a href=\"https:\/\/www.meinbezirk.at\/villach\/c-lokales\/schuleinkauf-im-wert-von-250-bei-strein-1923-gewinnen_a8833213?ref=curate\" class=\"stop-click-event-propagation\" wp_automatic_readability=\"2\" rel=\"nofollow noopener\" target=\"_blank\"><\/p>\n<p>\n                            Seit \u00fcber 100 Jahren Ihr Schulstart-Fachgesch\u00e4ft\n                        <\/p>\n<p>                                        Schuleinkauf im Wert von 250 \u20ac bei STREIN 1923 gewinnen<br \/>\n                <\/a><\/p>\n<p class=\"line-clamp\" style=\"--line-clamp: 4\">\n                        Ob Volksschule, Mittelschule, Gymnasium oder HTL: Bei STREIN finden Familien alles f\u00fcr den Schulalltag \u2013 von Heften, Schreibwaren und Zeichenbedarf bis zu Schultaschen, Rucks\u00e4cken und weiterem Schulzubeh\u00f6r. Dazu gibt\u2019s pers\u00f6nliche Beratung und eine gro\u00dfe Auswahl direkt vor Ort. VILLACH. Mit dem STREIN-Schullisten-Service wird der Schulstart unkompliziert: Schulliste einfach per E-Mail an shop@strein.at oder per WhatsApp an 0676\/84 55 21 300 schicken \u2013 wir stellen alles fertig zur Abholung&#8230;\n                    <\/p>\n<p>Anzeige<\/p>\n<p>                                    <a href=\"https:\/\/www.meinbezirk.at\/villach\/c-lokales\/jetzt-schultaschen-aktion-bei-lebag-sichern_a8864699?ref=curate\" class=\"stop-click-event-propagation\" rel=\"nofollow noopener\" target=\"_blank\"><\/p>\n<p>                                                                            <img class=\"imagecontainer\" decoding=\"auto\" data-aspect-ratio=\"0.5\" src=\"https:\/\/www.europesays.com\/at\/wp-content\/uploads\/2026\/09\/52287068_L.webp\" style=\"object-position: 14% 47%;\" data-object-position=\"14% 47%\"\/><\/p>\n<p>                                    <\/a><\/p>\n<p>                                8<\/p>\n<p>                <a href=\"https:\/\/www.meinbezirk.at\/villach\/c-lokales\/jetzt-schultaschen-aktion-bei-lebag-sichern_a8864699?ref=curate\" class=\"stop-click-event-propagation\" rel=\"nofollow noopener\" target=\"_blank\"><\/p>\n<p>\n                            4 Filialen in K\u00e4rnten\n                        <\/p>\n<p>                                        Jetzt Schultaschen-Aktion bei LeBag sichern<br \/>\n                <\/a><\/p>\n<p class=\"line-clamp\" style=\"--line-clamp: 4\">\n                        Bei LeBag in Villach und Klagenfurt dreht sich zum Schulstart alles um Schultaschen und Schulrucks\u00e4cke. Im Rahmen der aktuellen Schultaschen-Aktion wartet eine gro\u00dfe Auswahl an unterschiedlichen Modellen, Farben und Designs. VILLACH\/KLAGENFURT. Die richtige Schultasche muss im Schulalltag einiges mitmachen. Neben der Optik spielen daher vor allem ein angenehmer Sitz, ausreichend Stauraum und eine praktische Aufteilung eine wichtige Rolle. Welches Modell am besten passt, h\u00e4ngt dabei auch vom&#8230;\n                    <\/p>\n<p>Anzeige<\/p>\n<p>                                    <a href=\"https:\/\/www.meinbezirk.at\/spittal\/c-ungelistet\/12-september-seeboden-wird-zum-strudel-paradies_a8869493?ref=curate\" class=\"stop-click-event-propagation\" rel=\"nofollow noopener\" target=\"_blank\"><\/p>\n<p>                                                                            <img class=\"imagecontainer\" decoding=\"auto\" data-aspect-ratio=\"0.5625\" src=\"https:\/\/www.europesays.com\/at\/wp-content\/uploads\/2026\/09\/52312565_L.webp\" style=\"object-position: 49% 43%;\" data-object-position=\"49% 43%\"\/><\/p>\n<p>                                    <\/a><\/p>\n<p>                                Video<\/p>\n<p>                                21<\/p>\n<p>                <a href=\"https:\/\/www.meinbezirk.at\/spittal\/c-ungelistet\/12-september-seeboden-wird-zum-strudel-paradies_a8869493?ref=curate\" class=\"stop-click-event-propagation\" wp_automatic_readability=\"2\" rel=\"nofollow noopener\" target=\"_blank\"><\/p>\n<p>\n                            Strudelfest Seeboden am Millst\u00e4tter See\n                        <\/p>\n<p>                                        12. September: Seeboden wird zum Strudel-Paradies<br \/>\n                <\/a><\/p>\n<p class=\"line-clamp\" style=\"--line-clamp: 4\">\n                        Am 12. September wird das Seezentrum von Seeboden am Millst\u00e4tter See wieder zum Strudel-Paradies. Von 10 bis 18 Uhr erwartet die Besucherinnen und Besucher ein abwechslungsreiches Fest mit regionaler Kulinarik, Musik, Brauchtum und zahlreichen Attraktionen f\u00fcr die ganze Familie. SEEBODEN. Bei sp\u00e4tsommerlichem Wetter l\u00e4dt Seeboden am 12. September erneut zum beliebten Strudelfest. Rund um den Millst\u00e4tter See wird dabei die Vielfalt regionaler K\u00fcche ebenso gefeiert wie gelebtes Brauchtum und&#8230;\n                    <\/p>\n<p>Anzeige<\/p>\n<p>                                    <a href=\"https:\/\/www.meinbezirk.at\/klagenfurt\/c-lokales\/private-lesung-im-salotto-del-leone_a8876318?ref=curate\" class=\"stop-click-event-propagation\" rel=\"nofollow noopener\" target=\"_blank\"><\/p>\n<p>                                                                            <img class=\"imagecontainer\" decoding=\"auto\" data-aspect-ratio=\"0.624711316\" src=\"https:\/\/www.europesays.com\/at\/wp-content\/uploads\/2026\/09\/1788389241_44_52394564_L.webp\"\/><\/p>\n<p>                                    <\/a><\/p>\n<p>                                2<\/p>\n<p>                <a href=\"https:\/\/www.meinbezirk.at\/klagenfurt\/c-lokales\/private-lesung-im-salotto-del-leone_a8876318?ref=curate\" class=\"stop-click-event-propagation\" rel=\"nofollow noopener\" target=\"_blank\"><\/p>\n<p>\n                            Leserreise\n                        <\/p>\n<p>                                        Private Lesung im \u201eSalotto del Leone\u201c<br \/>\n                <\/a><\/p>\n<p class=\"line-clamp\" style=\"--line-clamp: 4\">\n                        Mit MeinBezirk und Ebner Reisen\u00a0geht es f\u00fcr einen Ausflug und eine exklusive Lesung mit Maresa H\u00f6rbiger und Thomas Smolej nach Venedig. K\u00c4RNTEN.\u00a0Am 16. Oktober ist es so weit: Ebner Reisen und die RegionalMedien K\u00e4rnten veranstalten eine Leserreise in die magische Lagunenstadt Venedig. Genie\u00dfen Sie tags\u00fcber \u201eBella Venezia\u201c, am Abend entf\u00fchrt die szenische Lesung der \u00f6sterreichischen Kammerschauspielerin Maresa H\u00f6rbiger und des K\u00e4rntner Regisseurs Thomas Smolej an einen Ort der Sehns\u00fcchte und&#8230;\n                    <\/p>\n<p>        \u00d7<\/p>\n<p>    Video einbetten<\/p>\n<p class=\"help\">Es k\u00f6nnen nur einzelne Videos der jeweiligen Plattformen eingebunden werden, nicht jedoch Playlists, Streams oder \u00dcbersichtsseiten.<\/p>\n<p>        \u00d7<\/p>\n<p>    Code einbetten<\/p>\n<p>        Funktionalit\u00e4t des eingebetteten Codes ohne Gew\u00e4hr. Bitte Einbettungen f\u00fcr Video, Social, Link und Maps mit dem vom System vorgesehenen Einbettungsfuntkionen vornehmen.\n    <\/p>\n<p>                    Du m\u00f6chtest selbst beitragen?<\/p>\n<p>Melde dich jetzt kostenlos an, um selbst mit eigenen Inhalten beizutragen.<\/p>\n<p>            \u00d7<\/p>\n","protected":false},"excerpt":{"rendered":"Trag\u00f6die im Gailtal Vater stirbt bei Motocross-Unfall &#8211; Sohn schwer verletzt 2. September 2026, 17:09\u00a0Uhr Redaktion Laura Anna&hellip;\n","protected":false},"author":2,"featured_media":371695,"comment_status":"","ping_status":"","sticky":false,"template":"","format":"standard","meta":{"footnotes":"","_share_on_mastodon":"0"},"categories":[6],"tags":[46,42,44,43,45],"class_list":["post-371694","post","type-post","status-publish","format-standard","has-post-thumbnail","category-oesterreich","tag-at","tag-austria","tag-oesterreich","tag-republic-of-austria","tag-republik-oesterreich"],"share_on_mastodon":{"url":"https:\/\/pubeurope.com\/@at\/117203884671631021","error":""},"_links":{"self":[{"href":"https:\/\/www.europesays.com\/at\/wp-json\/wp\/v2\/posts\/371694","targetHints":{"allow":["GET"]}}],"collection":[{"href":"https:\/\/www.europesays.com\/at\/wp-json\/wp\/v2\/posts"}],"about":[{"href":"https:\/\/www.europesays.com\/at\/wp-json\/wp\/v2\/types\/post"}],"author":[{"embeddable":true,"href":"https:\/\/www.europesays.com\/at\/wp-json\/wp\/v2\/users\/2"}],"replies":[{"embeddable":true,"href":"https:\/\/www.europesays.com\/at\/wp-json\/wp\/v2\/comments?post=371694"}],"version-history":[{"count":0,"href":"https:\/\/www.europesays.com\/at\/wp-json\/wp\/v2\/posts\/371694\/revisions"}],"wp:featuredmedia":[{"embeddable":true,"href":"https:\/\/www.europesays.com\/at\/wp-json\/wp\/v2\/media\/371695"}],"wp:attachment":[{"href":"https:\/\/www.europesays.com\/at\/wp-json\/wp\/v2\/media?parent=371694"}],"wp:term":[{"taxonomy":"category","embeddable":true,"href":"https:\/\/www.europesays.com\/at\/wp-json\/wp\/v2\/categories?post=371694"},{"taxonomy":"post_tag","embeddable":true,"href":"https:\/\/www.europesays.com\/at\/wp-json\/wp\/v2\/tags?post=371694"}],"curies":[{"name":"wp","href":"https:\/\/api.w.org\/{rel}","templated":true}]}}