{"id":371698,"date":"2026-09-02T22:50:13","date_gmt":"2026-09-02T22:50:13","guid":{"rendered":"https:\/\/www.europesays.com\/at\/371698\/"},"modified":"2026-09-02T22:50:13","modified_gmt":"2026-09-02T22:50:13","slug":"schwarzer-tag-fuer-fussball-wien-salzburg-demontiert-rapid-51-kantersieg-im-bundesliga-schlager","status":"publish","type":"post","link":"https:\/\/www.europesays.com\/at\/371698\/","title":{"rendered":"Schwarzer Tag f\u00fcr Fu\u00dfball-Wien &#8211; Salzburg demontiert Rapid: 5:1-Kantersieg im Bundesliga-Schlager"},"content":{"rendered":"<p>        <img decoding=\"async\" src=\"https:\/\/www.europesays.com\/at\/wp-content\/uploads\/2026\/09\/img-o1QnzlpBC677yhTP.jpeg\" data-fullscreen-src=\"https:\/\/www.noen.at\/image\/3840x0-jpg\/6610245\/img-o1QnzlpBC677yhTP.jpeg\" bad-src=\"https:\/\/www.europesays.com\/at\/wp-content\/uploads\/2026\/09\/img-o1QnzlpBC677yhTP.jpeg\" data-teaser-member=\"image\" alt=\"FUSSBALL: ADMIRAL BUNDESLIGA \/ 4. RUNDE\/ RED BULL SALZBURG - SK RAPID WIEN\"\/><\/p>\n<p>\n                Aboubacar Camara tanzt Rapids Yusuf Demir aus            <\/p>\n<p>\n                Foto:<br \/>\n                APA\/JASMIN WALTER, JASMIN WALTER                            <\/p>\n<p>\n        Die erste Niederlage der Saison fiel f\u00fcr Rapid heftig aus: Die H\u00fctteldorfer gingen in Salzburg mit 1:5 unter und mussten Rang zwei an die Bullen abtreten. Die Wiener Austria verlor gegen die WSG Tirol mit 0:1 und bleibt Tabellenletzter.     <\/p>\n<p>Die wei\u00dfe Weste ist dahin und gleich ordentlich beschmutzt worden: Rapid hat am Mittwochabend im Nachtragsspiel der 4. Bundesliga-Runde bei Red Bull Salzburg eine empfindliche 1:5-Niederlage kassiert. Die H\u00fctteldorfer wurden von den Bullen f\u00f6rmlich \u00fcberrollt, verloren Rang zwei an den ehemaligen Serienmeister und mussten erkennen, dass der Weg nach ganz oben noch ein weiter ist. Noch d\u00fcsterer ist die Lage bei der Wiener Austria, die gegen die WSG Tirol mit 0:1 verlor und weiter das Tabellenende ziert.<\/p>\n","protected":false},"excerpt":{"rendered":"Aboubacar Camara tanzt Rapids Yusuf Demir aus Foto: APA\/JASMIN WALTER, JASMIN WALTER Die erste Niederlage der Saison fiel&hellip;\n","protected":false},"author":2,"featured_media":371699,"comment_status":"","ping_status":"","sticky":false,"template":"","format":"standard","meta":{"footnotes":"","_share_on_mastodon":"0"},"categories":[31],"tags":[46,42,61128,83008,5791,964,70456,93116,40064,4647,44,192,109],"class_list":["post-371698","post","type-post","status-publish","format-standard","has-post-thumbnail","category-salzburg","tag-at","tag-austria","tag-danny-roehl","tag-drew-murray","tag-edmund-baidoo","tag-fussball","tag-haris-tabakovic","tag-jakub-mazurek","tag-johannes-handl","tag-meinfussball","tag-oesterreich","tag-salzburg","tag-sport"],"share_on_mastodon":{"url":"https:\/\/pubeurope.com\/@at\/117203896440361502","error":""},"_links":{"self":[{"href":"https:\/\/www.europesays.com\/at\/wp-json\/wp\/v2\/posts\/371698","targetHints":{"allow":["GET"]}}],"collection":[{"href":"https:\/\/www.europesays.com\/at\/wp-json\/wp\/v2\/posts"}],"about":[{"href":"https:\/\/www.europesays.com\/at\/wp-json\/wp\/v2\/types\/post"}],"author":[{"embeddable":true,"href":"https:\/\/www.europesays.com\/at\/wp-json\/wp\/v2\/users\/2"}],"replies":[{"embeddable":true,"href":"https:\/\/www.europesays.com\/at\/wp-json\/wp\/v2\/comments?post=371698"}],"version-history":[{"count":0,"href":"https:\/\/www.europesays.com\/at\/wp-json\/wp\/v2\/posts\/371698\/revisions"}],"wp:featuredmedia":[{"embeddable":true,"href":"https:\/\/www.europesays.com\/at\/wp-json\/wp\/v2\/media\/371699"}],"wp:attachment":[{"href":"https:\/\/www.europesays.com\/at\/wp-json\/wp\/v2\/media?parent=371698"}],"wp:term":[{"taxonomy":"category","embeddable":true,"href":"https:\/\/www.europesays.com\/at\/wp-json\/wp\/v2\/categories?post=371698"},{"taxonomy":"post_tag","embeddable":true,"href":"https:\/\/www.europesays.com\/at\/wp-json\/wp\/v2\/tags?post=371698"}],"curies":[{"name":"wp","href":"https:\/\/api.w.org\/{rel}","templated":true}]}}