{"id":371708,"date":"2026-09-02T22:59:11","date_gmt":"2026-09-02T22:59:11","guid":{"rendered":"https:\/\/www.europesays.com\/at\/371708\/"},"modified":"2026-09-02T22:59:11","modified_gmt":"2026-09-02T22:59:11","slug":"uncomfy-couch-am-wiener-westbahnhof","status":"publish","type":"post","link":"https:\/\/www.europesays.com\/at\/371708\/","title":{"rendered":"&#8222;Uncomfy Couch&#8220; am Wiener Westbahnhof"},"content":{"rendered":"<p>Die &#8222;Uncomfy Couch&#8220; ist noch bis 3. September am Wiener Westbahnhof zu sehen. Begleitet wird die Installation von Auftritten heimischer Musiker:innen bei freiem Eintritt.<\/p>\n<p>Eine Couch, die ihren eigentlichen Zweck kunstvoll verfehlt. Die stachelige Installation namens &#8222;Uncomfy Couch&#8220; ist alles andere als gem\u00fctlich \u2013 und genau das ist die Absicht. Sie fungiert als kreativer Weckruf, der Menschen dazu bewegen soll, aufzustehen und auszugehen. Zu sehen ist dieses ungew\u00f6hnliche Designobjekt vom 1. bis 3. September 2026 auf dem Europaplatz direkt am Wiener Westbahnhof.<\/p>\n<p>Inszeniert wurde die unkonventionelle Aktion von der Agentur Jung von Matt Donau im Auftrag von oeticket. Bei der Gestaltung lie\u00dfen die Wiener K\u00fcnstlerinnen Ella und Zoe Guggenbichler ihrer Kreativit\u00e4t freien Lauf. Das vision\u00e4re Projekt ist Teil einer Kampagne, die den sp\u00fcrbaren Konkurrenzkampf zwischen realen Freizeitaktivit\u00e4ten und der allgegenw\u00e4rtigen digitalen Ablenkung in den eigenen vier W\u00e4nden thematisiert.<\/p>\n<p>Live-Musik und freier Eintritt<\/p>\n<p>F\u00fcr die Inszenierung brachte Jung von Matt das stachlige Sofa bewusst in einen unerwarteten Kontext und platzierte es direkt vor einem gro\u00dfen, schwedischen Einrichtungshaus in Wien, wo sich normalerweise alles um Komfort und Gem\u00fctlichkeit dreht. &#8222;Die Idee der Uncomfy Couch bringt unsere Mission unbequem auf den Punkt: Leute von der Couch zur\u00fcck ins echte Leben\u00a0holen&#8220;, so Christoph Klingler, CEO von oeticket.\u00a0<\/p>\n<p>Die Installation dient zugleich als B\u00fchne f\u00fcr drei kostenlose Konzerte. Den Auftakt machte Sofie Royer am 1. September. Am Mittwoch, dem 2. September folgte Musikerin Sodl, einen Tag darauf Marley Wildthing. Zus\u00e4tzlich verlost oeticket vor Ort drei Gutscheine im Wert von jeweils 250 Euro. Informationen zur Teilnahme erhielten Besucher:innen direkt bei der Installation.<\/p>\n<p>Kampagne reagiert auf ver\u00e4ndertes Ausgehverhalten<\/p>\n<p>Hinter der Aktion steht die Annahme, dass Streamingplattformen, soziale Medien und andere digitale Angebote das Zuhausebleiben zu einer st\u00e4rkeren Konkurrenz f\u00fcr Live-Veranstaltungen gemacht haben. oeticket beauftragte dazu eine Marketagent-Befragung. Laut einem <a href=\"https:\/\/thegap.at\/uncomfy-couch-fuer-welche-konzerte-geht-man-noch-raus\/\" target=\"_blank\" rel=\"noopener nofollow\">Bericht von <\/a><a href=\"https:\/\/thegap.at\/uncomfy-couch-fuer-welche-konzerte-geht-man-noch-raus\/\" target=\"_blank\" rel=\"noopener nofollow\">The Gap<\/a> gaben sechs von zehn Befragten zwischen 14 und 45 Jahren an, lieber zu Hause zu bleiben, als auszugehen.\u00a0<\/p>\n<p>Zugleich spricht die Entwicklung der Ticketverk\u00e4ufe nicht f\u00fcr einen generellen R\u00fcckzug von Live-Veranstaltungen. Klingler beziffert die Verk\u00e4ufe auf rund 20 Prozent \u00fcber dem Niveau vor der Covid-19-Pandemie. Das gr\u00f6\u00dfere Problem sieht er vielmehr darin, dass sich Besucher:innen st\u00e4rker auf einzelne, meist teurere Gro\u00dfveranstaltungen konzentrierten. F\u00fcr kleinere und weniger bekannte Acts werde es dadurch schwieriger, Publikum zu erreichen.\u00a0<\/p>\n<p>Von der Installation zum Social-first-Content<\/p>\n<p>Die &#8222;Uncomfy Couch&#8220; ist f\u00fcr oeticket damit nicht nur ein Appell zum Ausgehen, sondern vor allem ein aufmerksamkeitsorientiertes Kampagnenmotiv. \u00dcber soziale Medien, Influencer:innen-Kooperationen und Medienberichterstattung soll die Installation auch \u00fcber ihren Standort hinaus Reichweite erzielen.<\/p>\n<p><a href=\"https:\/\/www.oeticket.com\/\" target=\"_blank\" rel=\"noopener nofollow\">www.oeticket.com<\/a><\/p>\n<p><a href=\"https:\/\/www.jvm.com\/\" target=\"_blank\" rel=\"noopener nofollow\">www.jvm.com<\/a><\/p>\n","protected":false},"excerpt":{"rendered":"Die &#8222;Uncomfy Couch&#8220; ist noch bis 3. September am Wiener Westbahnhof zu sehen. Begleitet wird die Installation von&hellip;\n","protected":false},"author":2,"featured_media":371709,"comment_status":"","ping_status":"","sticky":false,"template":"","format":"standard","meta":{"footnotes":"","_share_on_mastodon":"0"},"categories":[22],"tags":[46,42,147,93117,44,29103,92748,148],"class_list":["post-371708","post","type-post","status-publish","format-standard","has-post-thumbnail","category-unterhaltung","tag-at","tag-austria","tag-entertainment","tag-jung-von-matt","tag-oesterreich","tag-oeticket","tag-uncomfy-couch","tag-unterhaltung"],"share_on_mastodon":{"url":"https:\/\/pubeurope.com\/@at\/117203931499511737","error":""},"_links":{"self":[{"href":"https:\/\/www.europesays.com\/at\/wp-json\/wp\/v2\/posts\/371708","targetHints":{"allow":["GET"]}}],"collection":[{"href":"https:\/\/www.europesays.com\/at\/wp-json\/wp\/v2\/posts"}],"about":[{"href":"https:\/\/www.europesays.com\/at\/wp-json\/wp\/v2\/types\/post"}],"author":[{"embeddable":true,"href":"https:\/\/www.europesays.com\/at\/wp-json\/wp\/v2\/users\/2"}],"replies":[{"embeddable":true,"href":"https:\/\/www.europesays.com\/at\/wp-json\/wp\/v2\/comments?post=371708"}],"version-history":[{"count":0,"href":"https:\/\/www.europesays.com\/at\/wp-json\/wp\/v2\/posts\/371708\/revisions"}],"wp:featuredmedia":[{"embeddable":true,"href":"https:\/\/www.europesays.com\/at\/wp-json\/wp\/v2\/media\/371709"}],"wp:attachment":[{"href":"https:\/\/www.europesays.com\/at\/wp-json\/wp\/v2\/media?parent=371708"}],"wp:term":[{"taxonomy":"category","embeddable":true,"href":"https:\/\/www.europesays.com\/at\/wp-json\/wp\/v2\/categories?post=371708"},{"taxonomy":"post_tag","embeddable":true,"href":"https:\/\/www.europesays.com\/at\/wp-json\/wp\/v2\/tags?post=371708"}],"curies":[{"name":"wp","href":"https:\/\/api.w.org\/{rel}","templated":true}]}}