{"id":371722,"date":"2026-09-02T23:06:12","date_gmt":"2026-09-02T23:06:12","guid":{"rendered":"https:\/\/www.europesays.com\/at\/371722\/"},"modified":"2026-09-02T23:06:12","modified_gmt":"2026-09-02T23:06:12","slug":"van-der-bellen-richtet-europa-appell-an-staatsoberhaeupter","status":"publish","type":"post","link":"https:\/\/www.europesays.com\/at\/371722\/","title":{"rendered":"Van der Bellen richtet Europa-Appell an Staatsoberh\u00e4upter"},"content":{"rendered":"<p>Die gro\u00dfen Herausforderungen der Gegenwart k\u00f6nnten nur gemeinsam gel\u00f6st werden, betonte van der Bellen. Dazu z\u00e4hlte er unter anderem Klimawandel und Energiepolitik, Arbeitslosigkeit und Armut, Krieg und Vertreibung, Gewalt und Terror, Flucht und Migration sowie die digitale Transformation. Europa k\u00f6nne mit seinem friedlichen Miteinander zudem als Inspiration f\u00fcr andere Staaten dienen.<\/p>\n","protected":false},"excerpt":{"rendered":"Die gro\u00dfen Herausforderungen der Gegenwart k\u00f6nnten nur gemeinsam gel\u00f6st werden, betonte van der Bellen. Dazu z\u00e4hlte er unter&hellip;\n","protected":false},"author":2,"featured_media":371723,"comment_status":"","ping_status":"","sticky":false,"template":"","format":"standard","meta":{"footnotes":"","_share_on_mastodon":"0"},"categories":[6],"tags":[1191,93120,46,42,75,2386,93121,87625,93122,44,269,43,45,93123,362],"class_list":["post-371722","post","type-post","status-publish","format-standard","has-post-thumbnail","category-oesterreich","tag-alexander-van-der-bellen","tag-alpbacher-erklaerung","tag-at","tag-austria","tag-europa","tag-europaeische-union","tag-europaeischer-zusammenhalt","tag-europaeisches-forum-alpbach","tag-europapatriotismus","tag-oesterreich","tag-politik","tag-republic-of-austria","tag-republik-oesterreich","tag-staatsoberhaeupter-treffen","tag-tirol"],"share_on_mastodon":{"url":"https:\/\/pubeurope.com\/@at\/117203958677294535","error":""},"_links":{"self":[{"href":"https:\/\/www.europesays.com\/at\/wp-json\/wp\/v2\/posts\/371722","targetHints":{"allow":["GET"]}}],"collection":[{"href":"https:\/\/www.europesays.com\/at\/wp-json\/wp\/v2\/posts"}],"about":[{"href":"https:\/\/www.europesays.com\/at\/wp-json\/wp\/v2\/types\/post"}],"author":[{"embeddable":true,"href":"https:\/\/www.europesays.com\/at\/wp-json\/wp\/v2\/users\/2"}],"replies":[{"embeddable":true,"href":"https:\/\/www.europesays.com\/at\/wp-json\/wp\/v2\/comments?post=371722"}],"version-history":[{"count":0,"href":"https:\/\/www.europesays.com\/at\/wp-json\/wp\/v2\/posts\/371722\/revisions"}],"wp:featuredmedia":[{"embeddable":true,"href":"https:\/\/www.europesays.com\/at\/wp-json\/wp\/v2\/media\/371723"}],"wp:attachment":[{"href":"https:\/\/www.europesays.com\/at\/wp-json\/wp\/v2\/media?parent=371722"}],"wp:term":[{"taxonomy":"category","embeddable":true,"href":"https:\/\/www.europesays.com\/at\/wp-json\/wp\/v2\/categories?post=371722"},{"taxonomy":"post_tag","embeddable":true,"href":"https:\/\/www.europesays.com\/at\/wp-json\/wp\/v2\/tags?post=371722"}],"curies":[{"name":"wp","href":"https:\/\/api.w.org\/{rel}","templated":true}]}}