{"id":371734,"date":"2026-09-02T23:16:14","date_gmt":"2026-09-02T23:16:14","guid":{"rendered":"https:\/\/www.europesays.com\/at\/371734\/"},"modified":"2026-09-02T23:16:14","modified_gmt":"2026-09-02T23:16:14","slug":"sean-ono-lennon-bestaetigt-geburt-seines-sohnes-aurelius","status":"publish","type":"post","link":"https:\/\/www.europesays.com\/at\/371734\/","title":{"rendered":"Sean Ono Lennon best\u00e4tigt Geburt seines Sohnes Aurelius"},"content":{"rendered":"<p>        <img decoding=\"async\" src=\"https:\/\/www.europesays.com\/at\/wp-content\/uploads\/2026\/09\/1788390973_572_rs-badge-recommendation.png\" alt=\"ROLLING STONE Badge\"\/><\/p>\n<p>Empfehlungen der\u00a0Redaktion<\/p>\n<p><a href=\"https:\/\/www.rollingstone.de\/sean-ono-lennon-junge-generation-beatles-vergessen-3086731\/\" target=\"_blank\" rel=\"noopener nofollow\">Sean Ono Lennon<\/a> und seine Freundin Charlotte Kemp Muhl haben die Geburt ihres Sohnes bekannt gegeben.<\/p>\n<p><img loading=\"lazy\" decoding=\"async\" src=\"https:\/\/www.europesays.com\/at\/wp-content\/uploads\/2026\/09\/d988816bbd2340928bfbd91497178764.gif\" alt=\"\" width=\"1\" height=\"1\"\/>Das Paar teilte die freudige Neuigkeit am Dienstagabend in den sozialen Medien. Zu einem Foto ihres Sohnes, das Lennon in seinen Instagram Stories postete, schrieb er, sie \u201em\u00f6chten verk\u00fcnden, dass wir einen kleinen Menschen erschaffen haben! Sein Name ist Aurelius! Danke.\u201c <a href=\"https:\/\/www.rollingstone.com\/music\/music-news\/sean-ono-lennon-baby-boy-john-lennon-yoko-ono-grandchild-1235619534\/\" target=\"_blank\" rel=\"noopener nofollow\">Aurelius ist das erste Enkelkind von Yoko Ono und John Lennon.<\/a><\/p>\n<p>Sean ver\u00f6ffentlichte au\u00dferdem ein weiteres Foto, auf dem Kemp Muhl Aurelius im Arm h\u00e4lt, und kommentierte es mit: \u201eBaby Momma!\u201c<\/p>\n<p>H\u00fcter eines Erbes<\/p>\n<p>Obwohl Sean sein Privatleben weitgehend aus der \u00d6ffentlichkeit herausgehalten hat, sprach der Musiker bereits dar\u00fcber, der \u201eH\u00fcter\u201c des Erbes seines Vaters, der Beatles und seiner Mutter zu sein. Im Dezember 2025 sagte Sean gegen\u00fcber \u201eCBS Sunday Morning\u201c, er habe \u201etechnisch gesehen\u201c die Rolle des Nachlassverwalters seines Vaters \u00fcbernommen \u2013 eine Aufgabe, die seine Mutter Yoko Ono \u00fcber Jahrzehnte hinweg gepflegt und gepr\u00e4gt hatte.<\/p>\n<p>\u201eAber offensichtlich ist auch die Welt die H\u00fcterin seines Erbes, w\u00fcrde ich sagen\u201c, so Sean. \u201eIch tue mein Bestes, um daf\u00fcr zu sorgen, dass die j\u00fcngere Generation The Beatles und John und Yoko nicht vergisst. So sehe ich das.\u201c<\/p>\n<p>An dieser Stelle findest du Inhalte aus Instagram<\/p>\n<p>Um mit Inhalten aus Sozialen Netzwerken zu interagieren oder diese darzustellen, brauchen wir deine Zustimmung.<\/p>\n<p>\tSoziale Netzwerke aktivieren<\/p>\n<p>Nachdem John 1970 seine Solokarriere startete \u2013 ein Jahr nachdem er Ono geheiratet hatte \u2013, ver\u00f6ffentlichten John und Yoko 1980 das wegweisende Album \u201eDouble Fantasy\u201c, das letzte vor Lennons tragischer Ermordung. Darauf findet sich der Song \u201eBeautiful Boy (Darling Boy)\u201c, den John f\u00fcr Sean schrieb, als dieser noch ein kleines Kind war. In dem zarten St\u00fcck reflektiert Lennon \u00fcber das Vatersein und malt sich aus, wie er seinen Sohn aufwachsen sieht.<\/p>\n","protected":false},"excerpt":{"rendered":"Empfehlungen der\u00a0Redaktion Sean Ono Lennon und seine Freundin Charlotte Kemp Muhl haben die Geburt ihres Sohnes bekannt gegeben.&hellip;\n","protected":false},"author":2,"featured_media":371735,"comment_status":"","ping_status":"","sticky":false,"template":"","format":"standard","meta":{"footnotes":"","_share_on_mastodon":"0"},"categories":[24],"tags":[46,42,147,22500,153,154,44,92985,148,28401],"class_list":["post-371734","post","type-post","status-publish","format-standard","has-post-thumbnail","category-musik","tag-at","tag-austria","tag-entertainment","tag-john-lennon","tag-music","tag-musik","tag-oesterreich","tag-sean-ono-lennon","tag-unterhaltung","tag-yoko-ono"],"share_on_mastodon":{"url":"https:\/\/pubeurope.com\/@at\/117203998917650997","error":""},"_links":{"self":[{"href":"https:\/\/www.europesays.com\/at\/wp-json\/wp\/v2\/posts\/371734","targetHints":{"allow":["GET"]}}],"collection":[{"href":"https:\/\/www.europesays.com\/at\/wp-json\/wp\/v2\/posts"}],"about":[{"href":"https:\/\/www.europesays.com\/at\/wp-json\/wp\/v2\/types\/post"}],"author":[{"embeddable":true,"href":"https:\/\/www.europesays.com\/at\/wp-json\/wp\/v2\/users\/2"}],"replies":[{"embeddable":true,"href":"https:\/\/www.europesays.com\/at\/wp-json\/wp\/v2\/comments?post=371734"}],"version-history":[{"count":0,"href":"https:\/\/www.europesays.com\/at\/wp-json\/wp\/v2\/posts\/371734\/revisions"}],"wp:featuredmedia":[{"embeddable":true,"href":"https:\/\/www.europesays.com\/at\/wp-json\/wp\/v2\/media\/371735"}],"wp:attachment":[{"href":"https:\/\/www.europesays.com\/at\/wp-json\/wp\/v2\/media?parent=371734"}],"wp:term":[{"taxonomy":"category","embeddable":true,"href":"https:\/\/www.europesays.com\/at\/wp-json\/wp\/v2\/categories?post=371734"},{"taxonomy":"post_tag","embeddable":true,"href":"https:\/\/www.europesays.com\/at\/wp-json\/wp\/v2\/tags?post=371734"}],"curies":[{"name":"wp","href":"https:\/\/api.w.org\/{rel}","templated":true}]}}