{"id":371758,"date":"2026-09-02T23:30:37","date_gmt":"2026-09-02T23:30:37","guid":{"rendered":"https:\/\/www.europesays.com\/at\/371758\/"},"modified":"2026-09-02T23:30:37","modified_gmt":"2026-09-02T23:30:37","slug":"abgang-bei-sturm-ii-sk-sturm","status":"publish","type":"post","link":"https:\/\/www.europesays.com\/at\/371758\/","title":{"rendered":"Abgang bei Sturm II | SK Sturm"},"content":{"rendered":"<p>Der SK Puntigamer Sturm Graz gibt den Abgang von Isma\u00ebl Jabateh bekannt. Der 19-j\u00e4hrige Franzose kam im Sommer 2025 aus der Jugend von Auxerre nach Graz, f\u00fcr Sturm II absolvierte er ein Spiel sowie einen Einsatz f\u00fcr die AKA U18. Nun wechselt er mit sofortiger Wirkung zum franz\u00f6sischen Spitzenklub Olympique Lyon.<\/p>\n<p>Gesch\u00e4ftsf\u00fchrer Sport Michael Parensen: &#8222;Auch f\u00fcr enorm talentierte Spieler wie Isma\u00ebl Jabateh ist der Schritt in ein anderes Land, eine andere Fu\u00dfballkultur und weg aus dem gewohnten Umfeld oft ein schwieriger. Auch wenn es in Graz nicht f\u00fcr ihn geklappt hat, m\u00f6chten wir uns bei Isma\u00ebl f\u00fcr seinen Einsatz bedanken und w\u00fcschen ihm alles Gute f\u00fcr seine weitere Karriere.&#8220;<\/p>\n","protected":false},"excerpt":{"rendered":"Der SK Puntigamer Sturm Graz gibt den Abgang von Isma\u00ebl Jabateh bekannt. Der 19-j\u00e4hrige Franzose kam im Sommer&hellip;\n","protected":false},"author":2,"featured_media":371759,"comment_status":"","ping_status":"","sticky":false,"template":"","format":"standard","meta":{"footnotes":"","_share_on_mastodon":"0"},"categories":[29],"tags":[46,42,532,183,33706,48416,92838,5222,92839,44,214,58399,34821],"class_list":["post-371758","post","type-post","status-publish","format-standard","has-post-thumbnail","category-graz","tag-at","tag-austria","tag-frankreich","tag-graz","tag-innenverteidiger","tag-ismael","tag-jabateh","tag-lyon","tag-olympique","tag-oesterreich","tag-sturm","tag-verlaesst","tag-wechselt"],"share_on_mastodon":{"url":"https:\/\/pubeurope.com\/@at\/117204053070813750","error":""},"_links":{"self":[{"href":"https:\/\/www.europesays.com\/at\/wp-json\/wp\/v2\/posts\/371758","targetHints":{"allow":["GET"]}}],"collection":[{"href":"https:\/\/www.europesays.com\/at\/wp-json\/wp\/v2\/posts"}],"about":[{"href":"https:\/\/www.europesays.com\/at\/wp-json\/wp\/v2\/types\/post"}],"author":[{"embeddable":true,"href":"https:\/\/www.europesays.com\/at\/wp-json\/wp\/v2\/users\/2"}],"replies":[{"embeddable":true,"href":"https:\/\/www.europesays.com\/at\/wp-json\/wp\/v2\/comments?post=371758"}],"version-history":[{"count":0,"href":"https:\/\/www.europesays.com\/at\/wp-json\/wp\/v2\/posts\/371758\/revisions"}],"wp:featuredmedia":[{"embeddable":true,"href":"https:\/\/www.europesays.com\/at\/wp-json\/wp\/v2\/media\/371759"}],"wp:attachment":[{"href":"https:\/\/www.europesays.com\/at\/wp-json\/wp\/v2\/media?parent=371758"}],"wp:term":[{"taxonomy":"category","embeddable":true,"href":"https:\/\/www.europesays.com\/at\/wp-json\/wp\/v2\/categories?post=371758"},{"taxonomy":"post_tag","embeddable":true,"href":"https:\/\/www.europesays.com\/at\/wp-json\/wp\/v2\/tags?post=371758"}],"curies":[{"name":"wp","href":"https:\/\/api.w.org\/{rel}","templated":true}]}}