{"id":371760,"date":"2026-09-02T23:31:27","date_gmt":"2026-09-02T23:31:27","guid":{"rendered":"https:\/\/www.europesays.com\/at\/371760\/"},"modified":"2026-09-02T23:31:27","modified_gmt":"2026-09-02T23:31:27","slug":"verdacht-des-versuchten-mordes-in-wien-simmering-frau-attackierte-ehemann-mit-schuerhaken-messer","status":"publish","type":"post","link":"https:\/\/www.europesays.com\/at\/371760\/","title":{"rendered":"Verdacht des versuchten Mordes in Wien-Simmering: Frau attackierte Ehemann mit Sch\u00fcrhaken &#038; Messer"},"content":{"rendered":"<p>Die zun\u00e4chst fl\u00fcchtige Frau konnte gegen 18 Uhr in einem Hotel in Wien-Landstra\u00dfe festgenommen werden. Bei ihr wurde eine Alkoholisierung von 1,6 Promille festgestellt. Die mutma\u00dfliche Tatwaffe, ein K\u00fcchenmesser, wurde sichergestellt. Vor der Einlieferung in die Justizanstalt wurden Betretungs- &amp; Ann\u00e4herungsverbote sowie ein vorl\u00e4ufiges Waffenverbot ausgesprochen. Die weiteren Ermittlungen werden vom LKA Wien, Au\u00dfenstelle S\u00fcd, gef\u00fchrt.<\/p>\n","protected":false},"excerpt":{"rendered":"Die zun\u00e4chst fl\u00fcchtige Frau konnte gegen 18 Uhr in einem Hotel in Wien-Landstra\u00dfe festgenommen werden. Bei ihr wurde&hellip;\n","protected":false},"author":2,"featured_media":371761,"comment_status":"","ping_status":"","sticky":false,"template":"","format":"standard","meta":{"footnotes":"","_share_on_mastodon":"0"},"categories":[28],"tags":[46,56942,42,13021,3060,889,93125,44,566,93126,2655,42818,181,182,8592],"class_list":["post-371760","post","type-post","status-publish","format-standard","has-post-thumbnail","category-wien","tag-at","tag-attackiert","tag-austria","tag-ehefrau","tag-ehemann","tag-festnahme","tag-kaiser-ebersdorfer-strasse","tag-oesterreich","tag-polizei-news","tag-schuerhaken","tag-verletzt","tag-versuchter-mord","tag-vienna","tag-wien","tag-wien-11-bezirk"],"share_on_mastodon":{"url":"https:\/\/pubeurope.com\/@at\/117204057158110664","error":""},"_links":{"self":[{"href":"https:\/\/www.europesays.com\/at\/wp-json\/wp\/v2\/posts\/371760","targetHints":{"allow":["GET"]}}],"collection":[{"href":"https:\/\/www.europesays.com\/at\/wp-json\/wp\/v2\/posts"}],"about":[{"href":"https:\/\/www.europesays.com\/at\/wp-json\/wp\/v2\/types\/post"}],"author":[{"embeddable":true,"href":"https:\/\/www.europesays.com\/at\/wp-json\/wp\/v2\/users\/2"}],"replies":[{"embeddable":true,"href":"https:\/\/www.europesays.com\/at\/wp-json\/wp\/v2\/comments?post=371760"}],"version-history":[{"count":0,"href":"https:\/\/www.europesays.com\/at\/wp-json\/wp\/v2\/posts\/371760\/revisions"}],"wp:featuredmedia":[{"embeddable":true,"href":"https:\/\/www.europesays.com\/at\/wp-json\/wp\/v2\/media\/371761"}],"wp:attachment":[{"href":"https:\/\/www.europesays.com\/at\/wp-json\/wp\/v2\/media?parent=371760"}],"wp:term":[{"taxonomy":"category","embeddable":true,"href":"https:\/\/www.europesays.com\/at\/wp-json\/wp\/v2\/categories?post=371760"},{"taxonomy":"post_tag","embeddable":true,"href":"https:\/\/www.europesays.com\/at\/wp-json\/wp\/v2\/tags?post=371760"}],"curies":[{"name":"wp","href":"https:\/\/api.w.org\/{rel}","templated":true}]}}