{"id":371778,"date":"2026-09-02T23:46:15","date_gmt":"2026-09-02T23:46:15","guid":{"rendered":"https:\/\/www.europesays.com\/at\/371778\/"},"modified":"2026-09-02T23:46:15","modified_gmt":"2026-09-02T23:46:15","slug":"fpoe-bringt-im-september-orf-volksbegehren-ein-diepresse-com","status":"publish","type":"post","link":"https:\/\/www.europesays.com\/at\/371778\/","title":{"rendered":"FP\u00d6 bringt im September ORF-Volksbegehren ein \u2013 DiePresse.com"},"content":{"rendered":"<p class=\"lead\">Gefordert werden sollen darin \u201esaubere Information\u201c, ein \u201e\u00f6sterreichisches Programm\u201c sowie die Abschaffung von \u201eZwangsgeb\u00fchren\u201c. Das Volksbegehren soll noch im September eingebracht werden, so Kickl.<\/p>\n<p><img loading=\"lazy\" decoding=\"async\" class=\"figure__image\" src=\"https:\/\/www.europesays.com\/at\/wp-content\/uploads\/2026\/09\/1788392775_649_kein Titel.webp\" alt=\"Mit dem Volksbegehren werde die FP\u00d6 \u201eihre historische Tradition im Kampf gegen die Missst\u00e4nde im \u00d6ffentlich-Rechtlichen\u201c wieder aufnehmen, so Parteichef Kickl.\" width=\"588\" height=\"392\"\/><\/p>\n<p>Mit dem Volksbegehren werde die FP\u00d6 \u201eihre historische Tradition im Kampf gegen die Missst\u00e4nde im \u00d6ffentlich-Rechtlichen\u201c wieder aufnehmen, so Parteichef Kickl.\u2003APA \/ APA \/ Helmut Fohringer<\/p>\n<p>                    02.09.2026 um 21:33<\/p>\n<p>            <a href=\"https:\/\/google.com\/preferences\/source?q=diepresse.com\" class=\"cta cta--google\" target=\"_blank\" rel=\"noopener noreferrer nofollow\" onclick=\"pushDatalayer({&#010;            &#039;eventCategory&#039;: &#039;menu&#039;,&#010;            &#039;event&#039;: &#039;google_pref_choice&#039;,&#010;            &#039;eventAction&#039;: &#039;choice&#039;,&#010;            &#039;eventLabel&#039;: &#039;Google Prefered Source&#039;&#010;            }, true)\"><\/p>\n<p>        Die Presse auf Google als bevorzugte Nachrichtenquelle hinzuf\u00fcgen.<br \/>\n    <\/a><\/p>\n<p>Die Freiheitlichen nehmen weiterhin den \u00f6ffentlich-rechtlichen Rundfunk in die Zange: Parteichef Herbert <a href=\"https:\/\/www.diepresse.com\/thema\/herbert-kickl\" data-tracking=\"at-link\" data-tracking-data=\"{\" event=\"\" click=\"\" article=\"\" bringt=\"\" im=\"\" september=\"\" orf-volksbegehren=\"\" ein=\"\" rel=\"nofollow noopener\" target=\"_blank\">Kickl<\/a> k\u00fcndigte im \u201eSommergespr\u00e4ch\u201c von \u201eoe24.tv\u201c am Mittwoch \u201eein gro\u00dfes <a href=\"https:\/\/www.diepresse.com\/thema\/orf\" data-tracking=\"at-link\" data-tracking-data=\"{\" event=\"\" click=\"\" article=\"\" bringt=\"\" im=\"\" september=\"\" orf-volksbegehren=\"\" ein=\"\" rel=\"nofollow noopener\" target=\"_blank\">ORF<\/a>-Volksbegehren\u201c an. Gefordert werden sollen darin \u201esaubere Information\u201c, ein \u201e\u00f6sterreichisches Programm\u201c sowie die Abschaffung von \u201eZwangsgeb\u00fchren\u201c. Eingebracht werden soll das Volksbegehren noch im September, so Kickl.<\/p>\n<p>Erst j\u00fcngst hat die FP\u00d6 eine Popularbeschwerde gegen die im Juni erfolgte Bestellung von <a href=\"https:\/\/www.diepresse.com\/thema\/clemens-pig\" data-tracking=\"at-link\" data-tracking-data=\"{\" event=\"\" click=\"\" article=\"\" bringt=\"\" im=\"\" september=\"\" orf-volksbegehren=\"\" ein=\"\" rel=\"nofollow noopener\" target=\"_blank\">Clemens Pig<\/a> zum ORF-Generaldirektor bei der Medienbeh\u00f6rde <a href=\"https:\/\/www.diepresse.com\/thema\/kommaustria\" data-tracking=\"at-link\" data-tracking-data=\"{\" event=\"\" click=\"\" article=\"\" bringt=\"\" im=\"\" september=\"\" orf-volksbegehren=\"\" ein=\"\" rel=\"nofollow noopener\" target=\"_blank\">KommAustria<\/a> eingebracht. Dabei soll es aber nicht bleiben: \u201eWir werden da jetzt den Druck auch erh\u00f6hen, weil ich n\u00e4mlich bef\u00fcrchte, dass die Regierungsparteien jetzt im Herbst hergehen, diesen ORF dann zur Staatsnotwendigkeit erkl\u00e4ren, mitsamt den Haushaltsgeb\u00fchren und in die Verfassung hineinheben\u201c, meinte Kickl.<\/p>\n<p>Mit dem Volksbegehren werde die FP\u00d6 \u201eihre historische Tradition im Kampf gegen die Missst\u00e4nde im \u00d6ffentlich-Rechtlichen\u201c wieder aufnehmen, so der Parteichef. Ein konkretes Ziel setzte er sich dabei nicht, nur so viel: \u201eJe mehr, desto besser. Und wir werden das schon ordentlich kampagnisieren.\u201c Und was seine Partei mit einer der Kernforderungen genau meine? \u201eSaubere Information hei\u00dft nichts anderes, als dass der \u00f6ffentlich-rechtliche Auftrag ganz genau definiert werden muss\u201c, so Kickl.<\/p>\n<p>Bereits im vergangenen Jahr war ein Volksbegehren mit ORF-Bezug initiiert worden. Eingebracht hatte das Volksbegehren \u201eORF-Haushaltsabgabe NEIN\u201c im Fr\u00fchjahr 2025 <a href=\"https:\/\/www.diepresse.com\/thema\/robert-marschall\" data-tracking=\"at-link\" data-tracking-data=\"{\" event=\"\" click=\"\" article=\"\" bringt=\"\" im=\"\" september=\"\" orf-volksbegehren=\"\" ein=\"\" rel=\"nofollow noopener\" target=\"_blank\">Robert Marschall<\/a>, der selbst bereits f\u00fcr zahlreiche Volksbegehren verantwortlich zeichnete, darunter Initiativen gegen Covid-Ma\u00dfnahmen. Es \u00fcbersprang mit 119.368 Unterst\u00fctzerinnen und Unterst\u00fctzern die f\u00fcr eine Behandlung im Nationalrat n\u00f6tige H\u00fcrde von 100.000 Unterschriften. (APA)<\/p>\n","protected":false},"excerpt":{"rendered":"Gefordert werden sollen darin \u201esaubere Information\u201c, ein \u201e\u00f6sterreichisches Programm\u201c sowie die Abschaffung von \u201eZwangsgeb\u00fchren\u201c. Das Volksbegehren soll noch&hellip;\n","protected":false},"author":2,"featured_media":371779,"comment_status":"","ping_status":"","sticky":false,"template":"","format":"standard","meta":{"footnotes":"","_share_on_mastodon":"0"},"categories":[6],"tags":[46,42,44,43,45],"class_list":["post-371778","post","type-post","status-publish","format-standard","has-post-thumbnail","category-oesterreich","tag-at","tag-austria","tag-oesterreich","tag-republic-of-austria","tag-republik-oesterreich"],"share_on_mastodon":{"url":"https:\/\/pubeurope.com\/@at\/117204116829329031","error":""},"_links":{"self":[{"href":"https:\/\/www.europesays.com\/at\/wp-json\/wp\/v2\/posts\/371778","targetHints":{"allow":["GET"]}}],"collection":[{"href":"https:\/\/www.europesays.com\/at\/wp-json\/wp\/v2\/posts"}],"about":[{"href":"https:\/\/www.europesays.com\/at\/wp-json\/wp\/v2\/types\/post"}],"author":[{"embeddable":true,"href":"https:\/\/www.europesays.com\/at\/wp-json\/wp\/v2\/users\/2"}],"replies":[{"embeddable":true,"href":"https:\/\/www.europesays.com\/at\/wp-json\/wp\/v2\/comments?post=371778"}],"version-history":[{"count":0,"href":"https:\/\/www.europesays.com\/at\/wp-json\/wp\/v2\/posts\/371778\/revisions"}],"wp:featuredmedia":[{"embeddable":true,"href":"https:\/\/www.europesays.com\/at\/wp-json\/wp\/v2\/media\/371779"}],"wp:attachment":[{"href":"https:\/\/www.europesays.com\/at\/wp-json\/wp\/v2\/media?parent=371778"}],"wp:term":[{"taxonomy":"category","embeddable":true,"href":"https:\/\/www.europesays.com\/at\/wp-json\/wp\/v2\/categories?post=371778"},{"taxonomy":"post_tag","embeddable":true,"href":"https:\/\/www.europesays.com\/at\/wp-json\/wp\/v2\/tags?post=371778"}],"curies":[{"name":"wp","href":"https:\/\/api.w.org\/{rel}","templated":true}]}}