{"id":371788,"date":"2026-09-02T23:51:20","date_gmt":"2026-09-02T23:51:20","guid":{"rendered":"https:\/\/www.europesays.com\/at\/371788\/"},"modified":"2026-09-02T23:51:20","modified_gmt":"2026-09-02T23:51:20","slug":"ex-sturm-graz-kicker-mohammed-fuseini-zieht-es-auf-die-insel","status":"publish","type":"post","link":"https:\/\/www.europesays.com\/at\/371788\/","title":{"rendered":"Ex-Sturm-Graz-Kicker Mohammed Fuseini zieht es auf die Insel"},"content":{"rendered":"<p>Mohammed Fuseini (24) hat einen neuen Verein. Der Ex-Sturm-Angreifer wechselt per Leihe von Union St-Gilloise (Belgien) zu Derby County in die zweitklassige Championship. Es gibt eine Kaufoption.<\/p>\n<p>Der Ghanaer spielte zwischen 2022 und 2024 f\u00fcr Sturm Graz, f\u00fcr die Profis lief er 27 Mal auf. Bei Derby County trifft er auf seinen ehemaligen Sturm-Kollegen Max Johnston (22).<\/p>\n<p>Millionen-Abgang aus Graz<\/p>\n<p>Mit Bobby Clark (21) steht ein Ex-Salzburger zudem bei Derby County unter Vertrag.<\/p>\n<p>Fuseini wechselte 2024 f\u00fcr zwei Millionen Euro aus Graz nach Belgien. F\u00fcr Union St. Gilloise verbuchte er 76 Spiele (15 Treffer und f\u00fcnf Assists).<\/p>\n","protected":false},"excerpt":{"rendered":"Mohammed Fuseini (24) hat einen neuen Verein. Der Ex-Sturm-Angreifer wechselt per Leihe von Union St-Gilloise (Belgien) zu Derby&hellip;\n","protected":false},"author":2,"featured_media":371789,"comment_status":"","ping_status":"","sticky":false,"template":"","format":"standard","meta":{"footnotes":"","_share_on_mastodon":"0"},"categories":[29],"tags":[46,42,37839,38676,37567,964,1880,1878,183,93128,44,1877,55338],"class_list":["post-371788","post","type-post","status-publish","format-standard","has-post-thumbnail","category-graz","tag-at","tag-austria","tag-championship","tag-derby-county","tag-england-fussball","tag-fussball","tag-fussball-international","tag-geruechtekueche","tag-graz","tag-mohammed-fuseini","tag-oesterreich","tag-transfermarkt","tag-union-saint-gilloise"],"share_on_mastodon":{"url":"https:\/\/pubeurope.com\/@at\/117204136477550797","error":""},"_links":{"self":[{"href":"https:\/\/www.europesays.com\/at\/wp-json\/wp\/v2\/posts\/371788","targetHints":{"allow":["GET"]}}],"collection":[{"href":"https:\/\/www.europesays.com\/at\/wp-json\/wp\/v2\/posts"}],"about":[{"href":"https:\/\/www.europesays.com\/at\/wp-json\/wp\/v2\/types\/post"}],"author":[{"embeddable":true,"href":"https:\/\/www.europesays.com\/at\/wp-json\/wp\/v2\/users\/2"}],"replies":[{"embeddable":true,"href":"https:\/\/www.europesays.com\/at\/wp-json\/wp\/v2\/comments?post=371788"}],"version-history":[{"count":0,"href":"https:\/\/www.europesays.com\/at\/wp-json\/wp\/v2\/posts\/371788\/revisions"}],"wp:featuredmedia":[{"embeddable":true,"href":"https:\/\/www.europesays.com\/at\/wp-json\/wp\/v2\/media\/371789"}],"wp:attachment":[{"href":"https:\/\/www.europesays.com\/at\/wp-json\/wp\/v2\/media?parent=371788"}],"wp:term":[{"taxonomy":"category","embeddable":true,"href":"https:\/\/www.europesays.com\/at\/wp-json\/wp\/v2\/categories?post=371788"},{"taxonomy":"post_tag","embeddable":true,"href":"https:\/\/www.europesays.com\/at\/wp-json\/wp\/v2\/tags?post=371788"}],"curies":[{"name":"wp","href":"https:\/\/api.w.org\/{rel}","templated":true}]}}